{"id":103842,"date":"2023-06-28T12:52:44","date_gmt":"2023-06-28T15:52:44","guid":{"rendered":"https:\/\/www.actualidadadiario.com\/?p=103842"},"modified":"2023-06-28T14:37:59","modified_gmt":"2023-06-28T17:37:59","slug":"galimberti-concreto-su-presentacion-ante-la-jueza-servini-de-cubria","status":"publish","type":"post","link":"https:\/\/www.actualidadadiario.com\/index.php\/2023\/06\/28\/galimberti-concreto-su-presentacion-ante-la-jueza-servini-de-cubria\/","title":{"rendered":"Galimberti concret\u00f3 su presentaci\u00f3n ante la jueza Servini de Cubr\u00eda"},"content":{"rendered":"<p style=\"text-align: center;\"><em><strong>El precandidato a gobernador (JxC) Pedro Galimberti se present\u00f3 ante la jueza federal con competencia electoral Mar\u00eda Romilda Servini de Cubr\u00eda y reclam\u00f3 que se le permita pegar con los candidatos a nivel nacional del frente, Horacio Rodr\u00edguez Larreta y Patricia Bullrich<\/strong><\/em><\/p>\n<p>&nbsp;<\/p>\n<p>&nbsp;<\/p>\n<p>Galimberti fue a la Justicia insistiendo en la necesidad de igualar condiciones para los dos precandidatos a la Gobernaci\u00f3n por Juntos: Rogelio Frigerio y \u00e9l mismo.<\/p>\n<p>Frigerio dijo que \u00e9l no se opuso a las pretensiones de Galimberti, pero es l\u00f3gico que lo expuesto por el hombre del PRO no tiene incidencia alguna en la situaci\u00f3n.<\/p>\n<p>Por eso Galimberti se present\u00f3 ante la Justicia y solicit\u00f3 \u201cla adhesi\u00f3n de la boleta de sufragio correspondiente a la precandidatura a gobernador de la Provincia de Entre R\u00edos de quien suscribe con las boletas de sufragio correspondientes a los precandidatos a Presidente y Vicepresidente de la Naci\u00f3n Horacio Rodr\u00edguez Larreta \u2013 Gerardo Rub\u00e9n Morales y Patricia Bulrich \u2013 Luis Alfonso Petri por las listas \u00b4El Cambio de Nuestras Vidas\u00b4 y \u00b4La Fuerza del Cambio\u00b4 respectivamente\u201d.<\/p>\n<p>El dirigente oriundo de Chajar\u00ed enfatiz\u00f3: \u201cQueremos participar en igualdad de condiciones que Frigerio en Entre R\u00edos\u201d.<\/p>\n<p>En el minuto cero del pasado domingo qued\u00f3 en claro que Galimberti no tendr\u00eda con quien pegar su boleta a nivel nacional. Aquellas promesas del presidente de la UCR Gerardo Morales de darle su apoyo incondicional a Galimberti ya formaban parte de las \u201ccosas olvidadas\u201d. Facundo Manes, por su parte, aunque aseguraba que mantendr\u00eda su candidatura a presidente, en 24 horas se baj\u00f3 y dio vuelta la p\u00e1gina como si la historia de los d\u00edas previos no hubiera existido. Manes era otra carta que ten\u00eda Galimberti, pero de golpe la misma desapareci\u00f3 del juego.<\/p>\n<p>Lo que se puso en evidencia, adem\u00e1s, es que mediante acuerdos no muy explicitados, los dirigentes nacionales hicieron acuerdos diferentes a los anunciados con anterioridad, lo que dej\u00f3 a Galimberti sin el pegado con los precandidatos a presidente Patricia Bullrich y Horacio Rodr\u00edguez Larreta. No hace falta insistir en que Morales es radical, Manes es radical, como tambi\u00e9n lo es Galimberti, pero parece que eso no suma a la hora de la verdad.<\/p>\n<p>\u201cEstamos haciendo la presentaci\u00f3n ante la jueza (federal con competencia electoral Mar\u00eda Romilda) Servini de Cubr\u00eda para dar el debate en todos los \u00e1mbitos, tanto en la justicia como en lo pol\u00edtico\u201d, se\u00f1al\u00f3 Galimberti.<\/p>\n<p>Ante la consulta de si existen conversaciones con la dirigencia nacional, coment\u00f3 que \u201cestamos hablando, lo que esperamos es que prime el sentido com\u00fan y de conducta democr\u00e1tica para resguardar a todos los que conformamos el frente. Hay localidades en las que s\u00f3lo estar\u00e1 la boleta de nuestro espacio, pretendemos que la voz de los entrerrianos sea escuchada y respetada. De no ser as\u00ed, esta alianza no tendr\u00eda correlato con la realidad de lo que los entrerrianos quieren, que es decidir en las urnas los candidatos que los gobiernen y no los mandatos de Buenos Aires\u201d.<\/p>\n<p>En este marco enfatiz\u00f3: \u201cNo se entiende mucho qu\u00e9 es lo que est\u00e1 pasando, parece que menosprecian la expresi\u00f3n c\u00edvica y democr\u00e1tica de la gente. Hay que estar atentos a las experiencias de otros armados provinciales donde despu\u00e9s tenemos resultados adversos por la manipulaci\u00f3n de la dirigencia que cree tener la encuesta ganadora. En el contexto dif\u00edcil que vivimos hoy, sumarle comportamientos conflictivos al enojo que la gente tiene con la clase pol\u00edtica, no demuestran la actitud de di\u00e1logo que tanto necesitan los vecinos. S\u00f3lo estamos pidiendo competir, en igualdad de condiciones\u201d.<\/p>\n","protected":false},"excerpt":{"rendered":"<p>El precandidato a gobernador (JxC) Pedro Galimberti se present\u00f3 ante la jueza federal con competencia electoral Mar\u00eda Romilda Servini de Cubr\u00eda y reclam\u00f3 que se le permita pegar con los candidatos a nivel nacional del frente, Horacio Rodr\u00edguez Larreta y Patricia Bullrich &nbsp; &nbsp; Galimberti fue a la Justicia insistiendo en la necesidad de igualar condiciones para los dos precandidatos a la Gobernaci\u00f3n por Juntos: Rogelio Frigerio y \u00e9l mismo. Frigerio dijo que \u00e9l no se opuso a las pretensiones de Galimberti, pero es l\u00f3gico que lo expuesto por el&#8230;<\/p>\n","protected":false},"author":3,"featured_media":103843,"comment_status":"closed","ping_status":"closed","sticky":false,"template":"","format":"standard","meta":[],"categories":[1],"tags":[],"_links":{"self":[{"href":"https:\/\/www.actualidadadiario.com\/index.php\/wp-json\/wp\/v2\/posts\/103842"}],"collection":[{"href":"https:\/\/www.actualidadadiario.com\/index.php\/wp-json\/wp\/v2\/posts"}],"about":[{"href":"https:\/\/www.actualidadadiario.com\/index.php\/wp-json\/wp\/v2\/types\/post"}],"author":[{"embeddable":true,"href":"https:\/\/www.actualidadadiario.com\/index.php\/wp-json\/wp\/v2\/users\/3"}],"replies":[{"embeddable":true,"href":"https:\/\/www.actualidadadiario.com\/index.php\/wp-json\/wp\/v2\/comments?post=103842"}],"version-history":[{"count":1,"href":"https:\/\/www.actualidadadiario.com\/index.php\/wp-json\/wp\/v2\/posts\/103842\/revisions"}],"predecessor-version":[{"id":103844,"href":"https:\/\/www.actualidadadiario.com\/index.php\/wp-json\/wp\/v2\/posts\/103842\/revisions\/103844"}],"wp:featuredmedia":[{"embeddable":true,"href":"https:\/\/www.actualidadadiario.com\/index.php\/wp-json\/wp\/v2\/media\/103843"}],"wp:attachment":[{"href":"https:\/\/www.actualidadadiario.com\/index.php\/wp-json\/wp\/v2\/media?parent=103842"}],"wp:term":[{"taxonomy":"category","embeddable":true,"href":"https:\/\/www.actualidadadiario.com\/index.php\/wp-json\/wp\/v2\/categories?post=103842"},{"taxonomy":"post_tag","embeddable":true,"href":"https:\/\/www.actualidadadiario.com\/index.php\/wp-json\/wp\/v2\/tags?post=103842"}],"curies":[{"name":"wp","href":"https:\/\/api.w.org\/{rel}","templated":true}]}}