{"id":103839,"date":"2023-06-28T12:51:53","date_gmt":"2023-06-28T15:51:53","guid":{"rendered":"https:\/\/www.actualidadadiario.com\/?p=103839"},"modified":"2023-06-28T12:51:53","modified_gmt":"2023-06-28T15:51:53","slug":"la-provincia-abrio-el-registro-unico-para-aspirantes-al-cupo-laboral-travesti-y-trans","status":"publish","type":"post","link":"https:\/\/www.actualidadadiario.com\/index.php\/2023\/06\/28\/la-provincia-abrio-el-registro-unico-para-aspirantes-al-cupo-laboral-travesti-y-trans\/","title":{"rendered":"La provincia abri\u00f3 el Registro \u00danico para aspirantes al Cupo Laboral Travesti y Trans"},"content":{"rendered":"<p style=\"text-align: center;\"><em><strong>El gobierno de Entre R\u00edos, a trav\u00e9s de la Secretar\u00eda de Mujeres, G\u00e9nero y Diversidad, del Ministerio de Desarrollo Social, abri\u00f3 el Registro \u00danico para Aspirantes, que establece la Ley 10.827 de Promoci\u00f3n y Protecci\u00f3n de los derechos de las personas travestis, transexuales y transg\u00e9nero<\/strong><\/em><\/p>\n<p>&nbsp;<\/p>\n<p>&nbsp;<\/p>\n<p>La Secretar\u00eda de Mujeres, G\u00e9nero y Diversidad en conjunto con el \u00e1rea de Identidad de G\u00e9nero Diversidad Sexual provincial convocan a quienes deseen ser parte del registro \u00fanico de aspirantes al cupo laboral travesti trans.<\/p>\n<p>En una primera etapa el registro se abre de manera virtual a trav\u00e9s del siguiente link: https:\/\/forms.gle\/aT3UyVSJgKAcV6wZ8<\/p>\n<p>En tanto, a partir del 27 de julio, quienes deseen acceder a la carga del formulario pueden acercarse a la Secretar\u00eda de Mujeres, ubicada en Andr\u00e9s Pazos 242 en Paran\u00e1, martes y jueves de 9 a 13. Luego se comunicar\u00e1n los distintos puntos de la provincia a los que tambi\u00e9n podr\u00e1n acercarse para cargar los datos personales.<\/p>\n<p>La secretaria de Mujeres, G\u00e9nero y Diversidad, Valeria Migueles, expres\u00f3 que \u201cla igualdad real de oportunidades y la construcci\u00f3n e implementaci\u00f3n de pol\u00edticas de no discriminaci\u00f3n a los colectivos de la diversidad requiere de acciones concretas. Hoy se avanza en la aplicaci\u00f3n de la reglamentaci\u00f3n del registro de la poblaci\u00f3n travesti, transexual y transg\u00e9nero para la implementaci\u00f3n de la Ley que garantiza el acceso al trabajo a una porci\u00f3n de la poblaci\u00f3n objeto de la ley&#8221;.<\/p>\n<p>Sobre el registro, la funcionaria a\u00f1adi\u00f3 que \u201cconocer con certeza la poblaci\u00f3n objeto de la Ley es un insumo fundamental para la elaboraci\u00f3n de pol\u00edticas de inclusi\u00f3n y promoci\u00f3n de derechos y que con estos pasos consolidamos pol\u00edticas de estado en Entre R\u00edos\u201d.<\/p>\n<p>Por su parte, la subsecretaria de la Mujer, Tatiana Richardet, sostuvo que &#8220;es importante destacar que se podr\u00e1 acceder a la carga en distintos puntos de la provincia como as\u00ed tambi\u00e9n se brindar\u00e1 asistencia para confeccionar los curr\u00edculum vitae a quienes lo requieran&#8221;.<\/p>\n<p>Asimismo, la subsecretaria mencion\u00f3 &#8220;que esta primera instancia de apertura del registro tiene como finalidad poder centralizar la informaci\u00f3n de la poblaci\u00f3n que aspira acceder al cupo y que la efectivizaci\u00f3n del mismo se realizar\u00e1 en una etapa posterior&#8221;.<\/p>\n<p>En tanto, la responsable del \u00c1rea Provincial de Pol\u00edticas de Identidad de G\u00e9nero y Diversidad Sexual, Alejandra Elcura, asegur\u00f3: \u201cEstamos viviendo un contexto en el cual el movimiento de la diversidad sexual ha logrado poner en agenda muchas de sus luchas y problem\u00e1ticas. Es necesario seguir recorriendo este camino en pos de las reivindicaciones de las disidencias.<\/p>\n","protected":false},"excerpt":{"rendered":"<p>El gobierno de Entre R\u00edos, a trav\u00e9s de la Secretar\u00eda de Mujeres, G\u00e9nero y Diversidad, del Ministerio de Desarrollo Social, abri\u00f3 el Registro \u00danico para Aspirantes, que establece la Ley 10.827 de Promoci\u00f3n y Protecci\u00f3n de los derechos de las personas travestis, transexuales y transg\u00e9nero &nbsp; &nbsp; La Secretar\u00eda de Mujeres, G\u00e9nero y Diversidad en conjunto con el \u00e1rea de Identidad de G\u00e9nero Diversidad Sexual provincial convocan a quienes deseen ser parte del registro \u00fanico de aspirantes al cupo laboral travesti trans. En una primera etapa el registro se abre&#8230;<\/p>\n","protected":false},"author":3,"featured_media":103840,"comment_status":"closed","ping_status":"closed","sticky":false,"template":"","format":"standard","meta":[],"categories":[15],"tags":[],"_links":{"self":[{"href":"https:\/\/www.actualidadadiario.com\/index.php\/wp-json\/wp\/v2\/posts\/103839"}],"collection":[{"href":"https:\/\/www.actualidadadiario.com\/index.php\/wp-json\/wp\/v2\/posts"}],"about":[{"href":"https:\/\/www.actualidadadiario.com\/index.php\/wp-json\/wp\/v2\/types\/post"}],"author":[{"embeddable":true,"href":"https:\/\/www.actualidadadiario.com\/index.php\/wp-json\/wp\/v2\/users\/3"}],"replies":[{"embeddable":true,"href":"https:\/\/www.actualidadadiario.com\/index.php\/wp-json\/wp\/v2\/comments?post=103839"}],"version-history":[{"count":1,"href":"https:\/\/www.actualidadadiario.com\/index.php\/wp-json\/wp\/v2\/posts\/103839\/revisions"}],"predecessor-version":[{"id":103841,"href":"https:\/\/www.actualidadadiario.com\/index.php\/wp-json\/wp\/v2\/posts\/103839\/revisions\/103841"}],"wp:featuredmedia":[{"embeddable":true,"href":"https:\/\/www.actualidadadiario.com\/index.php\/wp-json\/wp\/v2\/media\/103840"}],"wp:attachment":[{"href":"https:\/\/www.actualidadadiario.com\/index.php\/wp-json\/wp\/v2\/media?parent=103839"}],"wp:term":[{"taxonomy":"category","embeddable":true,"href":"https:\/\/www.actualidadadiario.com\/index.php\/wp-json\/wp\/v2\/categories?post=103839"},{"taxonomy":"post_tag","embeddable":true,"href":"https:\/\/www.actualidadadiario.com\/index.php\/wp-json\/wp\/v2\/tags?post=103839"}],"curies":[{"name":"wp","href":"https:\/\/api.w.org\/{rel}","templated":true}]}}