{"id":103834,"date":"2023-06-28T14:20:27","date_gmt":"2023-06-28T17:20:27","guid":{"rendered":"https:\/\/www.actualidadadiario.com\/?p=103834"},"modified":"2023-06-28T14:36:17","modified_gmt":"2023-06-28T17:36:17","slug":"un-tercio-de-los-diputados-que-terminan-en-diciembre-buscaran-renovar-su-banca","status":"publish","type":"post","link":"https:\/\/www.actualidadadiario.com\/index.php\/2023\/06\/28\/un-tercio-de-los-diputados-que-terminan-en-diciembre-buscaran-renovar-su-banca\/","title":{"rendered":"Un tercio de los diputados que terminan en diciembre buscar\u00e1n renovar su banca"},"content":{"rendered":"<p style=\"text-align: center;\"><em><strong>Cuarenta y ocho de los 130 diputados que tienen mandato hasta el 9 de diciembre quieren renovar su banca hasta el 2027, de los cuales 19 corresponden al Frente de Todos (Uni\u00f3n por la Patria)\u00a0 mientras que 24 corresponden a JxC y otros 3 al Interbloque Federal y a Provincias Unidas<\/strong><\/em><\/p>\n<p>&nbsp;<\/p>\n<p>&nbsp;<\/p>\n<p>&nbsp;<\/p>\n<p>Un tercio de los diputados que terminan su mandato en diciembre buscar\u00e1n la reelecci\u00f3n de sus bancas, aunque primero deber\u00e1n consagrarse como candidatos en las primarias abiertas, simult\u00e1neas y obligatorias (PASO) del 13 de agosto, ya que casi la mitad de ellos tendr\u00e1 internas en sus propios espacios pol\u00edticos.<\/p>\n<p>Cuarenta y ocho de los 130 diputados que tienen mandato hasta el 9 de diciembre quieren renovar su banca hasta el 2027, de los cuales 21 corresponden al Frente de Todos -que en esta elecci\u00f3n se presenta con el nombre de Uni\u00f3n por la Patria- mientras que 24 corresponden a Juntos por el Cambio y otros 3 al Interbloque Federal y a Provincias Unidas.<\/p>\n<p>De todos modos s\u00f3lo una treintena tiene garantizado su puesto ya que figuran en los primeros lugares con listas \u00fanicas o est\u00e1n en lugares expectables aun cuando tengan que competir en las PASO de sus partidos o alianzas pol\u00edticas.<\/p>\n<p>&nbsp;<\/p>\n<p><strong>El panorama en Uni\u00f3n por la Patria <\/strong><\/p>\n<p>Los que tienen asegurada su candidatura para competir en las elecciones del 22 de octubre son el presidente del PJ bonaerense, M\u00e1ximo Kirchner, que encabeza la lista de Uni\u00f3n por la Patria; la titular de la C\u00e1mara baja, Cecilia Moreau, que est\u00e1 en el cuarto lugar de la lista bonaerense y el jefe del bloque del Frente de Todos, German Mart\u00ednez, cabeza de lista del UxP en la provincia de Santa Fe.<\/p>\n<p>Tambi\u00e9n tienen posibilidades de acceder a una banca los diputados de La C\u00e1mpora Rodolfo Tailhade, que est\u00e1 en el s\u00e9ptimo lugar de la lista bonaerense; la legisladora del Frente Patria Grande -cuyo referente es Juan Grabois- Natalia Zaracho en el octavo lugar, y el massista Ramiro Guti\u00e9rrez que est\u00e1 en el d\u00e9cimo tercer puesto.<\/p>\n<p>Otro que aspira a su reelecci\u00f3n el dirigente piquetero Juan Marino, que est\u00e1 en el 15to. lugar, y Juan Carlos Alderete de la Corriente Clasista y Combativa, que est\u00e1 en el 17, aunque en este caso el oficialismo deber\u00eda obtener los mismos porcentajes de votos que hace cuatro a\u00f1os.<\/p>\n<p>Tambi\u00e9n tiene su reelecci\u00f3n asegurada la secretaria parlamentaria del FDT, la diputada de La C\u00e1mpora, Paula Penacca, quien encabeza la lista de candidatos por la ciudad de Buenos Aires, y lo mismo sucede con el diputado y exembajador Eduardo Vald\u00e9s, quien est\u00e1 en el segundo lugar de la lista.<\/p>\n<p>Diferente es la situaci\u00f3n del diputado porte\u00f1o del Frente Grande Itai Hagman, que est\u00e1 en el cuarto lugar: para ingresar, el oficialismo tiene que repetir la elecci\u00f3n del 2019 cuando logr\u00f3 incorporar a cuatro legisladores.<\/p>\n<p>Tambi\u00e9n tiene asegurada su reelecci\u00f3n el diputado chaque\u00f1o Aldo Leiva que encabeza la lista de diputados de Uni\u00f3n por la Patria donde el oficialismo en ese distrito pone en juego dos de las cuatro bancas.<\/p>\n<p>El exgobernador de la Rioja, Sergio Casas y su coterr\u00e1nea Hilda Aguirre tienen garantizado un nuevo mandato ya que est\u00e1n en los dos primeros puestos de la lista de esa provincia, donde el oficialismo pone en juego dos de las tres bancas que deben elegirse.<\/p>\n<p>La diputada entrerriana Blanca Osuna tambi\u00e9n buscar\u00e1 acceder a su reelecci\u00f3n ya que figura en el segundo lugar de la lista que encabezar\u00e1 el gobernador Gustavo Bordet, con el objetivo de renovar las dos bancas que tienen en juego.<\/p>\n<p>Los diputados del Frente C\u00edvico de Santiago del Estero que integran el Frente de Todos Ricardo Daives y Estela Neder tienen asegurada su reelecci\u00f3n, ya que est\u00e1n ubicados en los dos primeros lugares de la lista, y en esa provincia desde hace a\u00f1os el oficialismo consigue la totalidad de las cuatro bancas que est\u00e1n en juego.<\/p>\n<p>Diferente es la situaci\u00f3n de la correntina Nancy Sand que se debe imponer en las PASO para poder convertirse en la candidata de UxP donde se han presentado cuatro listas, en una provincia gobernada hace m\u00e1s de 20 a\u00f1os por el radicalismo.<\/p>\n<p>La cordobesa oficialista Gabriela Est\u00e9vez tambi\u00e9n buscar\u00e1 renovar su banca: encabeza la lista de Uni\u00f3n por la Patria en una provincia adversa al kirchnerismo.<\/p>\n<p>&nbsp;<\/p>\n<p><strong>El panorama en Juntos por el Cambio <\/strong><\/p>\n<p>En Juntos por el Cambio, de los 24 diputados que buscan renovar su banca es muy probable que la mitad no logre atravesar el filtro de las elecciones internas ya que casi todos tienen competencia dado que adhirieron a las listas de Horacio Rodr\u00edguez Larreta o de Patricia Bullrich.<\/p>\n<p>En la provincia de Buenos Aires el reglamento interno de JXC se\u00f1ala que si la lista perdedora consigue un porcentaje de un 25 por ciento de los votos le corresponder\u00e1n los lugares 4, 9 y 14 siempre respetando la paridad de g\u00e9nero, pero si obtienen entre 30 y 40 le corresponde a la minor\u00eda cuatro representantes en los puestos 4,7, 10 y 13, y m\u00e1s del 40 corresponder\u00e1n los lugares 2, 5, 6, 9, 10, 13 y 14.<\/p>\n<p>Los diputados que tienen asegurado convertirse en candidatos son Cristian Ritondo, quien encabeza la lista que respalda la postulaci\u00f3n a presidenta de Patricia Bullrich, y lo mismo sucede con la radical Karina Banfi, que secunda al jefe de la bancada macrista.<\/p>\n<p>Tambi\u00e9n tiene garantizada su reelecci\u00f3n como diputada por la provincia de Buenos Aires, Silvia Lospenatto, quien secunda a al excandidato a vicepresidente Miguel Angel Pichetto, cabeza de lista del binomio presidencial de Horacio Rodr\u00edguez Larreta y Gerardo Morales.<\/p>\n<p>Tambi\u00e9n la diputada de la Coalici\u00f3n C\u00edvica M\u00f3nica Frade -ubicada en el cuarto lugar de esa lista- tiene amplias posibilidades de conseguir un puesto expectable dentro de la lista que se conforme tras las elecciones primarias.<\/p>\n<p>En cambio, los diputados que est\u00e1n a partir del quinto lugar depender\u00e1n de que su lista se imponga en las PASO, ya que si se repiten los resultados de la elecci\u00f3n del 2019 ingresar\u00e1n 14 legisladores, siempre y cuando no haga una muy buena elecci\u00f3n el libertario Javier Milei, que puede quitarle votos a JXC.<\/p>\n<p>Esto sucede con la legisladora Mariana Stilman ubicada en el sexto lugar de la lista &#8216;larretista&#8217;, o con los diputados de la n\u00f3mina de Bullrich Sebasti\u00e1n Salvador, Alberto Assef y Pablo Torello, que est\u00e1n en los puestos 7, 9 y 11.<\/p>\n<p>En lista de JXC de la ciudad de Buenos Aires tiene asegurada su reelecci\u00f3n el presidente de la Coalici\u00f3n, Maximiliano Ferraro, que es primero en la lista que avala la f\u00f3rmula presidencial Rodr\u00edguez Larreta y Morales, y con amplias posibilidades de ingresar el larretista \u00c1lvaro Gonz\u00e1lez, ubicado en tercer lugar de la lista.<\/p>\n<p>En cambio no ser\u00e1 f\u00e1cil poder ingresar a la diputada Dina Rezinovsky, quien ocupa el s\u00e9ptimo lugar de la lista porte\u00f1a que impulsa la candidatura presidencial de Larreta. En tanto, tienen asegurada su reelecci\u00f3n el chaque\u00f1o Gerardo Cipolini que encabeza una lista \u00fanica en las PASO de su provincia donde se ponen en juego 3 bancas de las cuales dos corresponden al FDT.<\/p>\n<p>El mendocino Lisandro Nieri es el primer candidato de lista \u00fanica de JXC de ese distrito gobernado hace doce a\u00f1os por el radicalismo y donde la coalici\u00f3n opositora pone en juego tres de las cinco bancas que se eligen.<\/p>\n<p>El santafesino macrista Jos\u00e9 N\u00fa\u00f1ez es otro de los diputados que puede lograr su reelecci\u00f3n ya que es cabeza de una de las listas que a nivel nacional promueve al binomio de Bullrich-Petri.<\/p>\n<p>Tambi\u00e9n buscara su reelecci\u00f3n el juje\u00f1o Jorge Rizatti: es el primer candidato de la lista promovida por el gobernador y candidato a vicepresidente Gerardo Morales, en un distrito donde se renuevan tres bancas.<\/p>\n<p>La correntina macrista Ingrid Jetter es la segunda candidata de una lista \u00fanica impulsada por el gobernador radical Gustavo Vald\u00e9s, y all\u00ed los oficialistas conf\u00edan en que renovaron dos de las cuatro diputaciones que est\u00e1n en juego.<\/p>\n<p>El juje\u00f1o Jorge Rizzotti buscara renovar su mandato como diputado y en las primeras ser\u00e1 el primer candidato de la lista impulsada por el gobernador Gerardo Morales, que tendr\u00e1 una puja con otra n\u00f3mina propiciada por el binomio Bullrich-Luis Petri.<\/p>\n<p>Diferente es la situaci\u00f3n en las provincias donde JXC renueva una sola banca y all\u00ed s\u00f3lo tendr\u00e1 posibilidades los que ganen la interna en las PASO como sucede con los diputados de San Luis, Alejandro Cacace; de Formosa, Ricardo Buryaile; de La Rioja, Felipe \u00c1lvarez; de Misiones, Alfredo Schiavone; de Neuqu\u00e9n, Francisco S\u00e1nchez y de Tierra del Fuego, Federico Frigerio.<\/p>\n<p>Los diputados de Salta, Miguel Nanni (UCR) y Virginia Cornejo (PRO), deber\u00e1n ganar las internas si quieren convertirse en candidatos de JXC y as\u00ed tratar de obtener las dos de las cuatro bancas que se ponen en juego.<\/p>\n<p>En caso del Interbloque Federal pueden conseguir su reelecci\u00f3n los diputados de C\u00f3rdoba Federal, Carlos Guti\u00e9rrez, el bonaerense de Identidad Bonaerense, Alejandro &#8220;Topo&#8221; Rodr\u00edguez, y el legislador de Juntos por R\u00edo Negro, Luis Di Gi\u00e1como.<\/p>\n","protected":false},"excerpt":{"rendered":"<p>Cuarenta y ocho de los 130 diputados que tienen mandato hasta el 9 de diciembre quieren renovar su banca hasta el 2027, de los cuales 19 corresponden al Frente de Todos (Uni\u00f3n por la Patria)\u00a0 mientras que 24 corresponden a JxC y otros 3 al Interbloque Federal y a Provincias Unidas &nbsp; &nbsp; &nbsp; Un tercio de los diputados que terminan su mandato en diciembre buscar\u00e1n la reelecci\u00f3n de sus bancas, aunque primero deber\u00e1n consagrarse como candidatos en las primarias abiertas, simult\u00e1neas y obligatorias (PASO) del 13 de agosto, ya&#8230;<\/p>\n","protected":false},"author":3,"featured_media":98308,"comment_status":"closed","ping_status":"closed","sticky":false,"template":"","format":"standard","meta":[],"categories":[18],"tags":[],"_links":{"self":[{"href":"https:\/\/www.actualidadadiario.com\/index.php\/wp-json\/wp\/v2\/posts\/103834"}],"collection":[{"href":"https:\/\/www.actualidadadiario.com\/index.php\/wp-json\/wp\/v2\/posts"}],"about":[{"href":"https:\/\/www.actualidadadiario.com\/index.php\/wp-json\/wp\/v2\/types\/post"}],"author":[{"embeddable":true,"href":"https:\/\/www.actualidadadiario.com\/index.php\/wp-json\/wp\/v2\/users\/3"}],"replies":[{"embeddable":true,"href":"https:\/\/www.actualidadadiario.com\/index.php\/wp-json\/wp\/v2\/comments?post=103834"}],"version-history":[{"count":1,"href":"https:\/\/www.actualidadadiario.com\/index.php\/wp-json\/wp\/v2\/posts\/103834\/revisions"}],"predecessor-version":[{"id":103835,"href":"https:\/\/www.actualidadadiario.com\/index.php\/wp-json\/wp\/v2\/posts\/103834\/revisions\/103835"}],"wp:featuredmedia":[{"embeddable":true,"href":"https:\/\/www.actualidadadiario.com\/index.php\/wp-json\/wp\/v2\/media\/98308"}],"wp:attachment":[{"href":"https:\/\/www.actualidadadiario.com\/index.php\/wp-json\/wp\/v2\/media?parent=103834"}],"wp:term":[{"taxonomy":"category","embeddable":true,"href":"https:\/\/www.actualidadadiario.com\/index.php\/wp-json\/wp\/v2\/categories?post=103834"},{"taxonomy":"post_tag","embeddable":true,"href":"https:\/\/www.actualidadadiario.com\/index.php\/wp-json\/wp\/v2\/tags?post=103834"}],"curies":[{"name":"wp","href":"https:\/\/api.w.org\/{rel}","templated":true}]}}