{"id":103831,"date":"2023-06-27T15:49:29","date_gmt":"2023-06-27T18:49:29","guid":{"rendered":"https:\/\/www.actualidadadiario.com\/?p=103831"},"modified":"2023-06-27T15:49:29","modified_gmt":"2023-06-27T18:49:29","slug":"tolosa-paz-soy-peronista-pragmatica-y-me-acomodo-rapidamente-a-la-sintesis-que-se-pario","status":"publish","type":"post","link":"https:\/\/www.actualidadadiario.com\/index.php\/2023\/06\/27\/tolosa-paz-soy-peronista-pragmatica-y-me-acomodo-rapidamente-a-la-sintesis-que-se-pario\/","title":{"rendered":"Tolosa Paz: &#8216;Soy peronista, pragm\u00e1tica y me acomodo r\u00e1pidamente a la s\u00edntesis que se pari\u00f3&#8217;"},"content":{"rendered":"<p style=\"text-align: center;\"><em><strong>La ministra de Desarrollo Social afirm\u00f3 que defender\u00e1 la f\u00f3rmula de Sergio Massa y Agust\u00edn Rossi. Adem\u00e1s asegur\u00f3 que no es cierto que su sector haya declinado su postulaci\u00f3n a cambio de lugares en las listas<\/strong><\/em><\/p>\n<p>&nbsp;<\/p>\n<p>&nbsp;<\/p>\n<p>La ministra de Desarrollo Social, Victoria Tolosa Paz, sostuvo este martes que como &#8220;peronista&#8221; defender\u00e1 la postulaci\u00f3n de Sergio Massa y de Agust\u00edn Rossi como binomio presidencial de Uni\u00f3n por la Patria para las primarias abiertas, simult\u00e1neas y obligatorias (PASO) del 13 de agosto y calific\u00f3 el proceso de armado de las listas de la coalici\u00f3n oficialista como &#8220;un parto doloroso&#8221;.<\/p>\n<p>&#8220;Voy a defender la posici\u00f3n de Sergio y del Chivo, voy a trabajar con todos los compa\u00f1eros en el marco de &#8216;El Camino a la Victoria&#8217; que es nuestra agrupaci\u00f3n, vamos a militar. Eso le va a dar volumen a la reelecci\u00f3n de Axel (Kicillof) con Ver\u00f3nica (Magario) y de que el peronismo vuelva a ganar. Soy peronista, soy pragm\u00e1tica, me acomodo r\u00e1pidamente a la s\u00edntesis que se pari\u00f3. Ac\u00e1 est\u00e1 la f\u00f3rmula y el peronismo se ordena r\u00e1pidamente&#8221;, se\u00f1al\u00f3 la funcionaria nacional.<\/p>\n<p>En di\u00e1logo con Radio 10, Tolosa Paz utiliz\u00f3 la met\u00e1fora de un &#8220;parto&#8221; que necesit\u00f3 de &#8220;20 puntos de sutura&#8221; y que gener\u00f3 llegar &#8220;hasta las l\u00e1grimas&#8221;.<\/p>\n<p>&#8220;Son sue\u00f1os rotos de much\u00edsimas personas que confiaron en Daniel Scioli y en Victoria Tolosa Paz para encarar un proceso que ampl\u00ede a Uni\u00f3n por la Patria. Estaba el dolor de quienes quer\u00edan a Wado de Pedro y se ve\u00eda el rostro de Wado ayer&#8221;, coment\u00f3.<\/p>\n<p>Al ser consultada sobre los dichos de este lunes de la vicepresidenta Cristina Fern\u00e1ndez de Kirchner, Tolosa Paz subray\u00f3 que no es cierto &#8220;que la posici\u00f3n de las PASO se decline por carguitos&#8221; y estim\u00f3 que la exmandataria &#8220;tiene una visi\u00f3n equivocada del rol de la construcci\u00f3n de la unidad&#8221;.<\/p>\n<p>Para Tolosa Paz, la unidad buscada &#8220;ten\u00eda que reflejar a los tres espacios&#8221; y dijo que, aunque Cristina Kirchner &#8220;tenga un encono personal con el presidente&#8221; Alberto Fern\u00e1ndez, la lista ten\u00eda que &#8220;contener a todos los matices del Frente de Todos&#8221;.<\/p>\n<p>En ese sentido, dijo que la &#8220;construcci\u00f3n&#8221; pol\u00edtica realizada por ella y por Scioli se hizo &#8220;de abajo hacia arriba&#8221; con m\u00e1s &#8220;de 60 mil avales y las m\u00e1s de 120 listas&#8221; en la provincia de Buenos Aires.<\/p>\n<p>Para la funcionaria nacional, ese espacio &#8220;expresar\u00e1 un peronismo que hace tiempo que no se siente representado por La C\u00e1mpora, que nunca adhiri\u00f3 al Frente Renovador&#8221; y al que &#8220;hab\u00eda que darle cauce&#8221;.<\/p>\n<p>&#8220;No es cierto que la posici\u00f3n de las PASO se decline por carguitos. No es cierto que haga pol\u00edtica por alg\u00fan carguito. Encabec\u00e9 la lista hace dos a\u00f1os, estuve defendiendo a nuestro proyecto pol\u00edtico. Cuando mi espacio pol\u00edtico me necesit\u00f3, en apenas 6 meses de mandato, renunci\u00e9. Nunca especul\u00e9&#8221;, dijo.<\/p>\n<p>Tolosa Paz se\u00f1al\u00f3 que hasta el viernes &#8220;no hab\u00eda s\u00edntesis&#8221; y que hacia el mediod\u00eda, junto a Scioli, trabajaban para subsanar los &#8220;impedimentos&#8221;, como que los gobernadores se vieran forzados a optar entre acompa\u00f1ar la boleta del embajador en Brasil o la del ministro del Interior.<\/p>\n<p>Finalmente, la titular de Desarrollo Social dijo que sigue poniendo las &#8220;manos en el fuego&#8221; por Cristina Kirchner a pesar del &#8220;destrato&#8221; que sinti\u00f3 y que est\u00e1 convencida de que el &#8220;10 de diciembre la banda presidencial Alberto se la va a dar a Sergio Massa&#8221;.<\/p>\n","protected":false},"excerpt":{"rendered":"<p>La ministra de Desarrollo Social afirm\u00f3 que defender\u00e1 la f\u00f3rmula de Sergio Massa y Agust\u00edn Rossi. Adem\u00e1s asegur\u00f3 que no es cierto que su sector haya declinado su postulaci\u00f3n a cambio de lugares en las listas &nbsp; &nbsp; La ministra de Desarrollo Social, Victoria Tolosa Paz, sostuvo este martes que como &#8220;peronista&#8221; defender\u00e1 la postulaci\u00f3n de Sergio Massa y de Agust\u00edn Rossi como binomio presidencial de Uni\u00f3n por la Patria para las primarias abiertas, simult\u00e1neas y obligatorias (PASO) del 13 de agosto y calific\u00f3 el proceso de armado de las&#8230;<\/p>\n","protected":false},"author":3,"featured_media":103832,"comment_status":"closed","ping_status":"closed","sticky":false,"template":"","format":"standard","meta":[],"categories":[18],"tags":[],"_links":{"self":[{"href":"https:\/\/www.actualidadadiario.com\/index.php\/wp-json\/wp\/v2\/posts\/103831"}],"collection":[{"href":"https:\/\/www.actualidadadiario.com\/index.php\/wp-json\/wp\/v2\/posts"}],"about":[{"href":"https:\/\/www.actualidadadiario.com\/index.php\/wp-json\/wp\/v2\/types\/post"}],"author":[{"embeddable":true,"href":"https:\/\/www.actualidadadiario.com\/index.php\/wp-json\/wp\/v2\/users\/3"}],"replies":[{"embeddable":true,"href":"https:\/\/www.actualidadadiario.com\/index.php\/wp-json\/wp\/v2\/comments?post=103831"}],"version-history":[{"count":1,"href":"https:\/\/www.actualidadadiario.com\/index.php\/wp-json\/wp\/v2\/posts\/103831\/revisions"}],"predecessor-version":[{"id":103833,"href":"https:\/\/www.actualidadadiario.com\/index.php\/wp-json\/wp\/v2\/posts\/103831\/revisions\/103833"}],"wp:featuredmedia":[{"embeddable":true,"href":"https:\/\/www.actualidadadiario.com\/index.php\/wp-json\/wp\/v2\/media\/103832"}],"wp:attachment":[{"href":"https:\/\/www.actualidadadiario.com\/index.php\/wp-json\/wp\/v2\/media?parent=103831"}],"wp:term":[{"taxonomy":"category","embeddable":true,"href":"https:\/\/www.actualidadadiario.com\/index.php\/wp-json\/wp\/v2\/categories?post=103831"},{"taxonomy":"post_tag","embeddable":true,"href":"https:\/\/www.actualidadadiario.com\/index.php\/wp-json\/wp\/v2\/tags?post=103831"}],"curies":[{"name":"wp","href":"https:\/\/api.w.org\/{rel}","templated":true}]}}