{"id":103828,"date":"2023-06-27T15:48:38","date_gmt":"2023-06-27T18:48:38","guid":{"rendered":"https:\/\/www.actualidadadiario.com\/?p=103828"},"modified":"2023-06-27T15:48:38","modified_gmt":"2023-06-27T18:48:38","slug":"luis-petri-no-hay-posibilidad-de-gradualismo","status":"publish","type":"post","link":"https:\/\/www.actualidadadiario.com\/index.php\/2023\/06\/27\/luis-petri-no-hay-posibilidad-de-gradualismo\/","title":{"rendered":"Luis Petri: &#8220;No hay posibilidad de gradualismo&#8221;"},"content":{"rendered":"<p style=\"text-align: center;\"><em><strong>El compa\u00f1ero de f\u00f3rmula de la precandidata presidencial de Juntos por el Cambio Patricia Bullrich destac\u00f3 que &#8220;hay que bajar el gasto p\u00fablico, pero el ajuste tiene que empezar por la pol\u00edtica&#8221;<\/strong><\/em><\/p>\n<p>&nbsp;<\/p>\n<p>&nbsp;<\/p>\n<p>El precandidato a vicepresidente por Juntos por el Cambio Luis Petri subray\u00f3 que en t\u00e9rminos econ\u00f3micos &#8220;no hay posibilidad de gradualismo&#8221; y destac\u00f3 que &#8220;hay que bajar el gasto p\u00fablico, pero el ajuste tiene que empezar por la pol\u00edtica&#8221;.<\/p>\n<p>&#8220;No hay posibilidad de gradualismo, hay que tomar medidas urgentes, inmediatas. Hay que llegar al Gobierno con un paquete de medidas porque es el momento en que ten\u00e9s legitimidad social para hacerlo&#8221;, sostuvo el compa\u00f1ero de f\u00f3rmula de la postulante presidencial Patricia Bullrich.<\/p>\n<p>En declaraciones radiales, el mendocino se\u00f1al\u00f3 que &#8220;hay que bajar el gasto p\u00fablico y el ajuste tiene que empezar por la pol\u00edtica&#8221;.<\/p>\n<p>En ese sentido, el ex diputado nacional indic\u00f3 que aspiran a avanzar con &#8220;una reforma para hacer un Estado m\u00e1s eficiente, m\u00e1s barato&#8221;.<\/p>\n<p>&#8220;Hoy tenemos un Estado que te cobra impuestos como si vivieras en Suecia, pero te los devuelve en servicios como si estuvieras en Hait\u00ed&#8221;, cuestion\u00f3.<\/p>\n<p>Adem\u00e1s, el dirigente de la UCR remarc\u00f3 que hay que &#8220;revisar el gasto Ministerio por Ministerio&#8221; y &#8220;terminar con las cajas de la pol\u00edtica&#8221;.<\/p>\n<p>&#8220;Hacer al Estado m\u00e1s eficiente no significa necesariamente privatizar. Hay que mejorar los servicios y equilibrar los presupuestos. Despu\u00e9s ves c\u00f3mo hac\u00e9s el management&#8221;, ampli\u00f3.<\/p>\n<p>Petri ratific\u00f3 tambi\u00e9n la intenci\u00f3n de avanzar con una reforma laboral y se refiri\u00f3 al eventual conflicto con los gremios por esa iniciativa: &#8220;Lo van a tener que entender. Adem\u00e1s, \u00bfse van a quejar la CGT y los sindicatos si incluimos a 5 o 6 millones de trabajadores y le damos calidad laboral, que hoy no tienen? Son unos caraduras&#8221;.<\/p>\n<p>Finalmente, el postulante a vicepresidente se refiri\u00f3 a la interna de Juntos por el Cambio, que tambi\u00e9n tendr\u00e1 como oferta electoral a la f\u00f3rmula Horacio Rodr\u00edguez Larreta-Gerardo Morales: &#8220;Despu\u00e9s del 13 (de agosto) vamos a estar todos juntos&#8221;.<\/p>\n<p>&#8220;Las ideas, los valores, el coraje y la valent\u00eda que tiene Patricia Bullrich le lleg\u00f3 la hora en la Argentina porque es lo que est\u00e1n pidiendo a gritos los argentinos&#8221;, concluy\u00f3.<\/p>\n","protected":false},"excerpt":{"rendered":"<p>El compa\u00f1ero de f\u00f3rmula de la precandidata presidencial de Juntos por el Cambio Patricia Bullrich destac\u00f3 que &#8220;hay que bajar el gasto p\u00fablico, pero el ajuste tiene que empezar por la pol\u00edtica&#8221; &nbsp; &nbsp; El precandidato a vicepresidente por Juntos por el Cambio Luis Petri subray\u00f3 que en t\u00e9rminos econ\u00f3micos &#8220;no hay posibilidad de gradualismo&#8221; y destac\u00f3 que &#8220;hay que bajar el gasto p\u00fablico, pero el ajuste tiene que empezar por la pol\u00edtica&#8221;. &#8220;No hay posibilidad de gradualismo, hay que tomar medidas urgentes, inmediatas. Hay que llegar al Gobierno con&#8230;<\/p>\n","protected":false},"author":3,"featured_media":103829,"comment_status":"closed","ping_status":"closed","sticky":false,"template":"","format":"standard","meta":[],"categories":[18],"tags":[],"_links":{"self":[{"href":"https:\/\/www.actualidadadiario.com\/index.php\/wp-json\/wp\/v2\/posts\/103828"}],"collection":[{"href":"https:\/\/www.actualidadadiario.com\/index.php\/wp-json\/wp\/v2\/posts"}],"about":[{"href":"https:\/\/www.actualidadadiario.com\/index.php\/wp-json\/wp\/v2\/types\/post"}],"author":[{"embeddable":true,"href":"https:\/\/www.actualidadadiario.com\/index.php\/wp-json\/wp\/v2\/users\/3"}],"replies":[{"embeddable":true,"href":"https:\/\/www.actualidadadiario.com\/index.php\/wp-json\/wp\/v2\/comments?post=103828"}],"version-history":[{"count":1,"href":"https:\/\/www.actualidadadiario.com\/index.php\/wp-json\/wp\/v2\/posts\/103828\/revisions"}],"predecessor-version":[{"id":103830,"href":"https:\/\/www.actualidadadiario.com\/index.php\/wp-json\/wp\/v2\/posts\/103828\/revisions\/103830"}],"wp:featuredmedia":[{"embeddable":true,"href":"https:\/\/www.actualidadadiario.com\/index.php\/wp-json\/wp\/v2\/media\/103829"}],"wp:attachment":[{"href":"https:\/\/www.actualidadadiario.com\/index.php\/wp-json\/wp\/v2\/media?parent=103828"}],"wp:term":[{"taxonomy":"category","embeddable":true,"href":"https:\/\/www.actualidadadiario.com\/index.php\/wp-json\/wp\/v2\/categories?post=103828"},{"taxonomy":"post_tag","embeddable":true,"href":"https:\/\/www.actualidadadiario.com\/index.php\/wp-json\/wp\/v2\/tags?post=103828"}],"curies":[{"name":"wp","href":"https:\/\/api.w.org\/{rel}","templated":true}]}}