{"id":103825,"date":"2023-06-27T15:47:31","date_gmt":"2023-06-27T18:47:31","guid":{"rendered":"https:\/\/www.actualidadadiario.com\/?p=103825"},"modified":"2023-06-27T15:47:42","modified_gmt":"2023-06-27T18:47:42","slug":"macri-critico-la-propuesta-presidencial-de-uxp-idolatran-a-un-ministro-que-nos-tiene-al-borde-de-la-hiperinflacion","status":"publish","type":"post","link":"https:\/\/www.actualidadadiario.com\/index.php\/2023\/06\/27\/macri-critico-la-propuesta-presidencial-de-uxp-idolatran-a-un-ministro-que-nos-tiene-al-borde-de-la-hiperinflacion\/","title":{"rendered":"Macri critic\u00f3 la propuesta presidencial de UxP: &#8220;Idolatran a un ministro que nos tiene al borde de la hiperinflaci\u00f3n&#8221;"},"content":{"rendered":"<p style=\"text-align: center;\"><em><strong>El expresidente apunt\u00f3 contra el oficialismo al ser consultado sobre las listas de candidatos para las elecciones, cuestion\u00f3 la candidatura presidencial de Massa y consider\u00f3: &#8220;Estamos viviendo una \u00e9poca muy triste en la Argentina. Este gobierno nos ha llevado a una decadencia in\u00e9dita&#8221;<\/strong><\/em><\/p>\n<p>&nbsp;<\/p>\n<p>&nbsp;<\/p>\n<p>Ya con la confirmaci\u00f3n de listas para las elecciones presidenciales de este a\u00f1os, el ex presidente Mauricio Macri apunt\u00f3 este lunes contra el precandidato presidencial de Uni\u00f3n por la Patria y ministro de Econom\u00eda, Sergio Massa, y afirm\u00f3 que en el peronismo &#8220;idolatran&#8221; a quien dej\u00f3 al pa\u00eds &#8220;al borde de la hiperinflaci\u00f3n&#8221;.<\/p>\n<p>Macri mantuvo un contacto con la prensa antes de participar de la conferencia &#8220;Una agenda de libertad para Iberoam\u00e9rica&#8221; en la universidad de la UCEMA, acompa\u00f1ado por el ex presidente espa\u00f1ol Jos\u00e9 Mar\u00eda Aznar. &#8220;Estamos viviendo una \u00e9poca muy triste en la Argentina. Este gobierno nos ha llevado a una decadencia in\u00e9dita&#8221;, consider\u00f3 Macri.<\/p>\n<p>Y advirti\u00f3 apuntando contra el oficialismo: &#8220;Cualquier soluci\u00f3n que encuentren ellos, con tal de que sean un poco m\u00e1s responsables en estos meses que les quedan&#8230; Que entreguen el poder sin hacer m\u00e1s da\u00f1o. Nada puede funcionar en un pa\u00eds al borde de la hiperinflaci\u00f3n&#8221;.<\/p>\n<p>En tanto, habl\u00f3 de la interna de Juntos por el Cambio entre Patricia Bullrich y Horacio Rodr\u00edguez Larreta y adelant\u00f3 que m\u00e1s adelante se expresar\u00e1 a favor de uno de los dos candidato amarillos. &#8220;Ya van a ver&#8221;, dijo continuando con el misterio en una balanza que por momento parece inclinarse a favor de la precandidata del ala dura del PRO.<\/p>\n<p>&nbsp;<\/p>\n<p><strong>El reconocimiento a un dirigente hist\u00f3rico del PRO<\/strong><\/p>\n<p>Por otro lado, Macri ya se hab\u00eda referido previamente al cierre de listas en su cuenta de Twitter, al hacer un reconocimiento al senador por Misiones Humberto Schiavoni, que no volver\u00e1 a ser candidato.<\/p>\n<p>&#8220;Querido Humberto: en tiempos en los que no abundan los dirigentes con palabra ni los gestos de grandeza, tu renuncia a renovar la banca como senador confirma que sos una persona distinta a las dem\u00e1s. Tu generosidad es un valor tan escaso en esta \u00e9poca que merece un respeto especial. Gracias por darnos tu ejemplo&#8221;, fueron las palabras que le dedic\u00f3 el ex presidente a un dirigente hist\u00f3rico del PRO.<\/p>\n","protected":false},"excerpt":{"rendered":"<p>El expresidente apunt\u00f3 contra el oficialismo al ser consultado sobre las listas de candidatos para las elecciones, cuestion\u00f3 la candidatura presidencial de Massa y consider\u00f3: &#8220;Estamos viviendo una \u00e9poca muy triste en la Argentina. Este gobierno nos ha llevado a una decadencia in\u00e9dita&#8221; &nbsp; &nbsp; Ya con la confirmaci\u00f3n de listas para las elecciones presidenciales de este a\u00f1os, el ex presidente Mauricio Macri apunt\u00f3 este lunes contra el precandidato presidencial de Uni\u00f3n por la Patria y ministro de Econom\u00eda, Sergio Massa, y afirm\u00f3 que en el peronismo &#8220;idolatran&#8221; a quien&#8230;<\/p>\n","protected":false},"author":3,"featured_media":102450,"comment_status":"closed","ping_status":"closed","sticky":false,"template":"","format":"standard","meta":[],"categories":[18],"tags":[],"_links":{"self":[{"href":"https:\/\/www.actualidadadiario.com\/index.php\/wp-json\/wp\/v2\/posts\/103825"}],"collection":[{"href":"https:\/\/www.actualidadadiario.com\/index.php\/wp-json\/wp\/v2\/posts"}],"about":[{"href":"https:\/\/www.actualidadadiario.com\/index.php\/wp-json\/wp\/v2\/types\/post"}],"author":[{"embeddable":true,"href":"https:\/\/www.actualidadadiario.com\/index.php\/wp-json\/wp\/v2\/users\/3"}],"replies":[{"embeddable":true,"href":"https:\/\/www.actualidadadiario.com\/index.php\/wp-json\/wp\/v2\/comments?post=103825"}],"version-history":[{"count":2,"href":"https:\/\/www.actualidadadiario.com\/index.php\/wp-json\/wp\/v2\/posts\/103825\/revisions"}],"predecessor-version":[{"id":103827,"href":"https:\/\/www.actualidadadiario.com\/index.php\/wp-json\/wp\/v2\/posts\/103825\/revisions\/103827"}],"wp:featuredmedia":[{"embeddable":true,"href":"https:\/\/www.actualidadadiario.com\/index.php\/wp-json\/wp\/v2\/media\/102450"}],"wp:attachment":[{"href":"https:\/\/www.actualidadadiario.com\/index.php\/wp-json\/wp\/v2\/media?parent=103825"}],"wp:term":[{"taxonomy":"category","embeddable":true,"href":"https:\/\/www.actualidadadiario.com\/index.php\/wp-json\/wp\/v2\/categories?post=103825"},{"taxonomy":"post_tag","embeddable":true,"href":"https:\/\/www.actualidadadiario.com\/index.php\/wp-json\/wp\/v2\/tags?post=103825"}],"curies":[{"name":"wp","href":"https:\/\/api.w.org\/{rel}","templated":true}]}}