{"id":103822,"date":"2023-06-27T15:46:40","date_gmt":"2023-06-27T18:46:40","guid":{"rendered":"https:\/\/www.actualidadadiario.com\/?p=103822"},"modified":"2023-06-27T15:46:40","modified_gmt":"2023-06-27T18:46:40","slug":"union-por-la-patria-autorizo-la-lista-de-grabois-y-oficializo-la-interna-para-las-paso","status":"publish","type":"post","link":"https:\/\/www.actualidadadiario.com\/index.php\/2023\/06\/27\/union-por-la-patria-autorizo-la-lista-de-grabois-y-oficializo-la-interna-para-las-paso\/","title":{"rendered":"Uni\u00f3n por la Patria autoriz\u00f3 la lista de Grabois y oficializ\u00f3 la interna para las PASO"},"content":{"rendered":"<p style=\"text-align: center;\"><em><strong>La coalici\u00f3n del oficialismo formaliz\u00f3 as\u00ed sus listas que competir\u00e1n el 13 de Agosto. Por un lado estar\u00e1n Sergio Massa y Agustin Rossi, por el otro Juan Grabois y Paula Abal Medina<\/strong><\/em><\/p>\n<p>&nbsp;<\/p>\n<p>&nbsp;<\/p>\n<p>La Junta Electoral Nacional del Frente Uni\u00f3n por la Patria (UxP) oficializ\u00f3 este martes la lista \u00abJusta y Soberana\u00bb que encabezan Juan Grabois y Mar\u00eda Paula Abal Medina, precandidatos a presidente y vicepresidenta, por lo que queda habilitada para participar en la interna que la coalici\u00f3n oficialista celebrar\u00e1 en las primarias abiertas, simult\u00e1neas y obligatorias (PASO) del pr\u00f3ximo 13 de agosto.<\/p>\n<p>De acuerdo a la resoluci\u00f3n n\u00famero 5 del \u00f3rgano partidario, Justa y Soberana, cuenta \u00abcon los avales suficientes de afiliados a los partidos que integran el Frente UxP\u00bb, correspondientes a por \u00ablo menos cinco distritos electorales integrados hasta un 50 % por afiliados al Partido Justicialista y un 20 % de afiliados a los restantes partidos que integran\u00bb la coalici\u00f3n.<\/p>\n<p>La Junta de UxP agreg\u00f3 que \u00abno existen observaciones que formular a los precandidatos presentados\u00bb que encabezan la n\u00f3mina y, por consiguiente, autoriza su participaci\u00f3n en la interna que se celebrar\u00e1 en las PASO.<\/p>\n<p>La resoluci\u00f3n ser\u00e1 a partir de este momento notificada a la Justicia Electoral en funci\u00f3n de los requerimientos establecidos en la ley 26.571.<\/p>\n<p>En sus fundamentos, la resoluci\u00f3n indica que \u00abal vencimiento del plazo para presentar listas para las elecciones primarias del 13 de agosto, producido a las 24 del d\u00eda 24 de junio de 2023, se ha presentado una lista denominada Justa y Soberana\u00bb.<\/p>\n<p>Adem\u00e1s, consigna que \u00abse ha procedido a controlar el cumplimiento de los requisitos constitucionales y legales de los precandidatos a presidente y vicepresidente de la Naci\u00f3n, las declaraciones juradas de los mismos, la presentaci\u00f3n de los avales a dichas candidaturas y los informes del Registro Nacional de Reincidencias\u00bb.<\/p>\n<p>La Junta Electoral de UxP est\u00e1 integrada por el senador nacional Mariano Recalde, el apoderado del partido Nuevo Encuentro, Sergio Zurano; la titular del PAMI, Luana Volnovich; la diputada provincial del Chaco, Graciela de la Rosa, y la vicegobernadora bonaerense, Ver\u00f3nica Magario.<\/p>\n<p>El organismo partidario tiene un plazo de 72 horas para autorizar a la lista encabezada por Grabois a figurar en las PASO en la tira completa de la papeleta de UxP o con un \u00abboleta corta\u00bb, indicaron fuentes del espacio oficialista.<\/p>\n","protected":false},"excerpt":{"rendered":"<p>La coalici\u00f3n del oficialismo formaliz\u00f3 as\u00ed sus listas que competir\u00e1n el 13 de Agosto. Por un lado estar\u00e1n Sergio Massa y Agustin Rossi, por el otro Juan Grabois y Paula Abal Medina &nbsp; &nbsp; La Junta Electoral Nacional del Frente Uni\u00f3n por la Patria (UxP) oficializ\u00f3 este martes la lista \u00abJusta y Soberana\u00bb que encabezan Juan Grabois y Mar\u00eda Paula Abal Medina, precandidatos a presidente y vicepresidenta, por lo que queda habilitada para participar en la interna que la coalici\u00f3n oficialista celebrar\u00e1 en las primarias abiertas, simult\u00e1neas y obligatorias (PASO)&#8230;<\/p>\n","protected":false},"author":3,"featured_media":103823,"comment_status":"closed","ping_status":"closed","sticky":false,"template":"","format":"standard","meta":[],"categories":[18],"tags":[],"_links":{"self":[{"href":"https:\/\/www.actualidadadiario.com\/index.php\/wp-json\/wp\/v2\/posts\/103822"}],"collection":[{"href":"https:\/\/www.actualidadadiario.com\/index.php\/wp-json\/wp\/v2\/posts"}],"about":[{"href":"https:\/\/www.actualidadadiario.com\/index.php\/wp-json\/wp\/v2\/types\/post"}],"author":[{"embeddable":true,"href":"https:\/\/www.actualidadadiario.com\/index.php\/wp-json\/wp\/v2\/users\/3"}],"replies":[{"embeddable":true,"href":"https:\/\/www.actualidadadiario.com\/index.php\/wp-json\/wp\/v2\/comments?post=103822"}],"version-history":[{"count":1,"href":"https:\/\/www.actualidadadiario.com\/index.php\/wp-json\/wp\/v2\/posts\/103822\/revisions"}],"predecessor-version":[{"id":103824,"href":"https:\/\/www.actualidadadiario.com\/index.php\/wp-json\/wp\/v2\/posts\/103822\/revisions\/103824"}],"wp:featuredmedia":[{"embeddable":true,"href":"https:\/\/www.actualidadadiario.com\/index.php\/wp-json\/wp\/v2\/media\/103823"}],"wp:attachment":[{"href":"https:\/\/www.actualidadadiario.com\/index.php\/wp-json\/wp\/v2\/media?parent=103822"}],"wp:term":[{"taxonomy":"category","embeddable":true,"href":"https:\/\/www.actualidadadiario.com\/index.php\/wp-json\/wp\/v2\/categories?post=103822"},{"taxonomy":"post_tag","embeddable":true,"href":"https:\/\/www.actualidadadiario.com\/index.php\/wp-json\/wp\/v2\/tags?post=103822"}],"curies":[{"name":"wp","href":"https:\/\/api.w.org\/{rel}","templated":true}]}}