{"id":103819,"date":"2023-06-27T15:45:46","date_gmt":"2023-06-27T18:45:46","guid":{"rendered":"https:\/\/www.actualidadadiario.com\/?p=103819"},"modified":"2023-06-27T15:45:46","modified_gmt":"2023-06-27T18:45:46","slug":"el-gobierno-nacional-denuncio-penalmente-a-gerardo-morales-por-la-represion-en-jujuy","status":"publish","type":"post","link":"https:\/\/www.actualidadadiario.com\/index.php\/2023\/06\/27\/el-gobierno-nacional-denuncio-penalmente-a-gerardo-morales-por-la-represion-en-jujuy\/","title":{"rendered":"El Gobierno nacional denunci\u00f3 penalmente a Gerardo Morales por la represi\u00f3n en Jujuy"},"content":{"rendered":"<p style=\"text-align: center;\"><em><strong>La Secretar\u00eda de Derechos Humanos de la Naci\u00f3n pidi\u00f3 a la justicia federal que inicie una investigaci\u00f3n penal de forma urgente sobre el accionar de las fuerzas de seguridad provinciales en la feroz represi\u00f3n contra manifestantes<\/strong><\/em><\/p>\n<p>&nbsp;<\/p>\n<p>&nbsp;<\/p>\n<p>En el marco de las denuncias recibidas en las visitas realizadas a Jujuy la semana pasada, la Secretar\u00eda de Derechos Humanos de la Naci\u00f3n pidi\u00f3 a la justicia federal que inicie una investigaci\u00f3n penal de forma urgente sobre el accionar de las fuerzas de seguridad provinciales en la feroz represi\u00f3n contra manifestantes.<\/p>\n<p>La presentaci\u00f3n incluy\u00f3 testimonios y pruebas sobre pr\u00e1cticas violatorias de los derechos humanos por parte de la Polic\u00eda de Jujuy que fueron recogidas en los \u00faltimos d\u00edas por la delegaci\u00f3n que encabez\u00f3 el secretario Horacio Pietragalla Corti en la provincia.<\/p>\n<p>Las v\u00edctimas relataron haber recibido golpes y malos tratos al momento de las detenciones, disparos de balas de goma en el rostro, detenciones arbitrarias, incluso lejos del lugar donde se realizaban las manifestaciones. Tambi\u00e9n se\u00f1alaron la utilizaci\u00f3n de veh\u00edculos sin identificaci\u00f3n, el ingreso a viviendas particulares sin orden de allanamiento y la presencia de polic\u00edas infiltrados entre los manifestantes.<\/p>\n<p>\u201cHemos constatado numerosos delitos perpetrados por personal policial que \u2013m\u00e1s all\u00e1 de las responsabilidades de los autores directos- dan cuenta de una actuaci\u00f3n organizada de manera il\u00edcita desde las m\u00e1s altas c\u00fapulas del Gobierno de la Provincia\u201d, se\u00f1al\u00f3 la presentaci\u00f3n.<\/p>\n<p>El escrito tambi\u00e9n menciona que el propio gobernador Gerardo Morales public\u00f3 en sus redes sociales los antecedentes judiciales de supuestos manifestantes, informaci\u00f3n que s\u00f3lo deber\u00eda manejar el Poder Judicial.<\/p>\n<p>La denuncia se suma al habeas corpus presentado ante la justicia local este lunes por la Secretar\u00eda para frenar la violenta represi\u00f3n y para que se garantice el derecho a la protesta. A partir de ese pedido, el juez Jorge Zurueta solicit\u00f3 a la polic\u00eda de la provincia que se abstenga de hacer un uso desmedido de la fuerza contra manifestantes y llam\u00f3 al gobierno de Gerardo Morales a iniciar una instancia de mediaci\u00f3n, que hasta el momento no fue cumplida.<\/p>\n<p>El secretario Pietragalla Corti viaj\u00f3 a la provincia en dos ocasiones en los \u00faltimos diez d\u00edas para monitorear de cerca las denuncias de violencia institucional y el recrudecimiento de la represi\u00f3n en las protestas que se generaron en rechazo a la sanci\u00f3n de una reforma de la Constituci\u00f3n local.<\/p>\n<p>Pietragalla Corti recorri\u00f3 junto a funcionarios de la Secretar\u00eda, del Instituto Nacional de Asuntos Ind\u00edgena (INAI) y de la Agencia Nacional de Discapacidad (ANDIS) los lugares de las protestas y cortes de ruta, donde se entrevist\u00f3 con manifestantes, y visit\u00f3 a todos los detenidos y detenidas para recoger testimonios, corroborar su estado integral y de detenci\u00f3n. Tambi\u00e9n se acerc\u00f3 al hospital local \u201cPablo Soria\u201d donde se encontraban los heridos y detenidos con estado de salud m\u00e1s grave por las agresiones, pero se le impidi\u00f3 el ingreso. De todas formas, pudo comunicarse con familiares y allegados de las personas internadas y constatar que, a ra\u00edz de la represi\u00f3n, dos personas se encontraban en terapia intensiva y tres sufr\u00edan p\u00e9rdida de visi\u00f3n.<\/p>\n<p>Durante su viaje a la provincia, el secretario mantuvo una reuni\u00f3n virtual con el Representante Regional para Am\u00e9rica del Sur de la Oficina del Alto Comisionado para los Derechos Humanos (ACNUDH), Jan Jarab, y estuvo en conversaci\u00f3n con representantes de la Comisi\u00f3n Interamericana de Derechos Humanos (CIDH), para informar la gravedad de la situaci\u00f3n. Ambas organizaciones manifestaron en los \u00faltimos d\u00edas su preocupaci\u00f3n por la represi\u00f3n contra manifestantes en Jujuy y reclamaron al gobierno provincial el respeto por los derechos humanos.<\/p>\n<p>La delegaci\u00f3n de la Secretar\u00eda de Derechos Humanos estuvo integrada por el jefe de Gabinete Nicol\u00e1s Rapetti; Alejandro Marmoni, presidente del INAI; Mariano Przybylski, director Nacional de Pol\u00edticas contra la Violencia Institucional; Adelqui Del Do, director del Centro de Asistencia a V\u00edctimas de Violaciones de Derechos Humanos \u201cDr. Fernando Ulloa\u201d; Paula \u00c1lvarez Carrera, directora del cuerpo de abogados de la Secretar\u00eda, y Eugenia Ferrero, enlace entre la Agencia Nacional de Discapacidad (ANDIS) y la Secretaria General de Presidencia.<\/p>\n","protected":false},"excerpt":{"rendered":"<p>La Secretar\u00eda de Derechos Humanos de la Naci\u00f3n pidi\u00f3 a la justicia federal que inicie una investigaci\u00f3n penal de forma urgente sobre el accionar de las fuerzas de seguridad provinciales en la feroz represi\u00f3n contra manifestantes &nbsp; &nbsp; En el marco de las denuncias recibidas en las visitas realizadas a Jujuy la semana pasada, la Secretar\u00eda de Derechos Humanos de la Naci\u00f3n pidi\u00f3 a la justicia federal que inicie una investigaci\u00f3n penal de forma urgente sobre el accionar de las fuerzas de seguridad provinciales en la feroz represi\u00f3n contra manifestantes&#8230;.<\/p>\n","protected":false},"author":3,"featured_media":103820,"comment_status":"closed","ping_status":"closed","sticky":false,"template":"","format":"standard","meta":[],"categories":[18],"tags":[],"_links":{"self":[{"href":"https:\/\/www.actualidadadiario.com\/index.php\/wp-json\/wp\/v2\/posts\/103819"}],"collection":[{"href":"https:\/\/www.actualidadadiario.com\/index.php\/wp-json\/wp\/v2\/posts"}],"about":[{"href":"https:\/\/www.actualidadadiario.com\/index.php\/wp-json\/wp\/v2\/types\/post"}],"author":[{"embeddable":true,"href":"https:\/\/www.actualidadadiario.com\/index.php\/wp-json\/wp\/v2\/users\/3"}],"replies":[{"embeddable":true,"href":"https:\/\/www.actualidadadiario.com\/index.php\/wp-json\/wp\/v2\/comments?post=103819"}],"version-history":[{"count":1,"href":"https:\/\/www.actualidadadiario.com\/index.php\/wp-json\/wp\/v2\/posts\/103819\/revisions"}],"predecessor-version":[{"id":103821,"href":"https:\/\/www.actualidadadiario.com\/index.php\/wp-json\/wp\/v2\/posts\/103819\/revisions\/103821"}],"wp:featuredmedia":[{"embeddable":true,"href":"https:\/\/www.actualidadadiario.com\/index.php\/wp-json\/wp\/v2\/media\/103820"}],"wp:attachment":[{"href":"https:\/\/www.actualidadadiario.com\/index.php\/wp-json\/wp\/v2\/media?parent=103819"}],"wp:term":[{"taxonomy":"category","embeddable":true,"href":"https:\/\/www.actualidadadiario.com\/index.php\/wp-json\/wp\/v2\/categories?post=103819"},{"taxonomy":"post_tag","embeddable":true,"href":"https:\/\/www.actualidadadiario.com\/index.php\/wp-json\/wp\/v2\/tags?post=103819"}],"curies":[{"name":"wp","href":"https:\/\/api.w.org\/{rel}","templated":true}]}}