{"id":103815,"date":"2023-06-27T13:45:50","date_gmt":"2023-06-27T16:45:50","guid":{"rendered":"https:\/\/www.actualidadadiario.com\/?p=103815"},"modified":"2023-06-27T13:45:50","modified_gmt":"2023-06-27T16:45:50","slug":"cristina-kirchner-revelo-los-entretelones-del-armado-de-listas","status":"publish","type":"post","link":"https:\/\/www.actualidadadiario.com\/index.php\/2023\/06\/27\/cristina-kirchner-revelo-los-entretelones-del-armado-de-listas\/","title":{"rendered":"Cristina Kirchner revel\u00f3 los entretelones del armado de listas"},"content":{"rendered":"<p style=\"text-align: center;\"><em><strong>La vicepresidenta revel\u00f3 detalles del armado de listas de Uni\u00f3n por la Patria, luego de un viernes agitado que culmin\u00f3 con el anuncio de la precandidatura de Sergio Massa a presidente y de Agust\u00edn Rossi a vice. Cr\u00edticas al presidente Alberto Fern\u00e1ndez y a la ministra de Desarrollo Social, Victoria Tolosa Paz, y reconocimiento para el ministro del Interior, Wado de Pedro<\/strong><\/em><\/p>\n<p>&nbsp;<\/p>\n<p>&nbsp;<\/p>\n<p>La vicepresidenta de la Naci\u00f3n, Cristina Fern\u00e1ndez de Kirchner, revel\u00f3 este lunes los entretelones del armado de listas de Uni\u00f3n por la Patria, luego de un viernes agitado que culmin\u00f3 con el anuncio de la precandidatura de Sergio Massa a presidente y de Agust\u00edn Rossi a vice. Cr\u00edticas al presidente Alberto Fern\u00e1ndez y a la ministra de Desarrollo Social, Victoria Tolosa Paz, y reconocimiento para el ministro del Interior, Eduardo &#8220;Wado&#8221; de Pedro.<\/p>\n<p>Durante el acto de repatriaci\u00f3n de uno de los aviones utilizados en &#8220;los vuelos de la muerte&#8221; de la \u00faltima dictadura, la exmandataria, acompa\u00f1ada por Massa, brind\u00f3 detalles de las horas previas al cierre de listas, las discusiones internas y el reclamo los gobernadores e intendentes bonaerenses al primer mandatario de alcanzar una lista de unidad.<\/p>\n<p>&#8220;No vivimos en un tuper ni en un termo y quiero referirme a lo que pas\u00f3&#8221;, dijo en primer lugar, para luego hablarles &#8220;a los militantes y a los ciudadanos&#8221;. &#8220;Hay un proceso electoral en marcha. Y el viernes, los militantes y ciudadanos deben haber visto con sorpresa de repente (lo que pas\u00f3)&#8221;, afirm\u00f3 aprovech\u00f3 para lanzar el primer dardo contra el jefe de Estado: &#8220;C\u00f3mo no va a haber sorpresa si durante un a\u00f1o nos estuvieron batiendo el parche con PASO, PASO, PASO y la democratizaci\u00f3n del peronismo&#8221;.<\/p>\n<p>A continuaci\u00f3n, la expresidenta critic\u00f3 que se insista en buscar a democratizaci\u00f3n del peronismo &#8220;sobre todo despu\u00e9s de que nuestro espacio perdiera las elecciones como las perdi\u00f3 en 2021, la derrota parlamentaria m\u00e1s importante del peronismo&#8221; y agreg\u00f3: &#8220;Si la soluci\u00f3n es la PASO y pelearnos entre nosotros&#8230;la verdad&#8230;en el marco adem\u00e1s de una Argentina con un nivel de endeudamiento contra\u00eddo por el anterior gobierno y un retorno del FMI&#8221;.<\/p>\n<p>Ante esta situaci\u00f3n y como militante pol\u00edtica, manifest\u00f3 que &#8220;era necesario construir una lista de unidad que nos permitiera abordar los problemas que tiene la sociedad, que son muy graves&#8221; pero remarc\u00f3 que se encontr\u00f3 con la negativa del mandatario.<\/p>\n<p>&#8220;Quiero ser absolutamente sincera y hablar sin pelos en la lengua. El presidente de la Naci\u00f3n y presidente de nuestro partido se embander\u00f3 en hacer PASO. Yo les hablaba a ustedes de la comprensi\u00f3n de texto pero tambi\u00e9n hay comprensi\u00f3n de contexto de donde uno est\u00e1&#8221;, prosigui\u00f3 Kirchner.<\/p>\n<p>En su repaso de la situaci\u00f3n que deriv\u00f3 en las tensas horas del viernes, la mandataria record\u00f3 que el 7 de junio 15 gobernadores de nuestro espacio hab\u00edan pedido una lista de unidad. M\u00e1s tarde lo hicieron los intendentes de la Provincia de Buenos Aires. Luego la CGT sac\u00f3 un documento. No era capricho. Era la necesidad de poder articular lo m\u00e1s inteligentemente posible un desaf\u00edo muy grande&#8221;.<\/p>\n<p>&nbsp;<\/p>\n<p><strong>Wado, el candidato propio<\/strong><\/p>\n<p>Sin embargo, dijo que &#8220;24 horas antes, el viernes, ten\u00edamos a la Ministra de Desarrollo Social de nuestro Gobierno, plante\u00e1ndole elecciones internas al gobernador de Buenos Aires. Y ten\u00edamos a nuestro embajador en Brasil, para presidente. No estoy hablando de que no tengan derecho de hacerlo sino de contextos&#8221;.<\/p>\n<p>Y sigui\u00f3: &#8220;El lunes, en una reuni\u00f3n que compartimos con Sergio (Massa), Wado (de Pedro), M\u00e1ximo (Kirchner), faltando apenas cuatro d\u00edas, le dije a Sergio adelante de todos que si se persist\u00eda en las PASO nuestra fuerza iba a ir con candidato propio, Wado de Pedro, que era nuestro candidato. Por qu\u00e9 no hace falta explicar demasiado que si una fuerza tiene que ir a disputar proyecto, modelo, historia, y m\u00e1s en este contexto, muchos de ustedes conocen a Wado, milit\u00f3 junto a ustedes. \u00c9l no viene de la pol\u00edtica partidaria. Viene de la tragedia argentina (&#8230;) Quiero destacar sus valores y convicciones&#8221;<\/p>\n<p>All\u00ed, tambi\u00e9n revel\u00f3 que &#8220;algunos me suger\u00edan que le hablara a Daniel Scioli&#8221; y fue contundente en su respuesta: &#8220;ni con una 45 en la cabeza me hac\u00edan hablarle a nadie para subirlo o bajarlo, yo respeto las decisiones de cada persona. Es la responsabilidad de cada militante y dirigente&#8221;.<\/p>\n<p>&nbsp;<\/p>\n<p><strong>El nexo con los gobernadores para la lista de unidad<\/strong><\/p>\n<p>Continuando con el repaso de los hechos ocurridos la semana pasada, desminti\u00f3 que los gobernadores hubieran cuestionado la candidatura de Wado de Pedro. &#8220;Eso no es cierto. Los gobernadores lo que quer\u00edan era una lista de unidad&#8221;, asegur\u00f3.<\/p>\n<p>En ese sentido, se\u00f1al\u00f3 que &#8220;esa lista de unidad deb\u00eda tener el consenso del Presidente y de los sectores que componemos el frente. Era obvio que para llegar a ese consenso Wado de Pedro no iba a tener la aprobaci\u00f3n del Presidente&#8221;. Y le habl\u00f3 a de Pedro que se encontraba entre los presentes: &#8220;No te preocupes, no te preocupes&#8221;.<\/p>\n<p>Fue ah\u00ed que coment\u00f3 que en uno de los gobernadores la fue a ver y la exmandataria le dijo: &#8220;Vayan a ver al presidente y si hay una f\u00f3rmula de consenso y \u00e9l pone el vicepresidente no tengo ning\u00fan problema. Yo me hago cargo. Soy responsable. He sido ocho a\u00f1os presidenta&#8221;.<\/p>\n<p>Al d\u00eda siguiente, el gobernador le envi\u00f3 un mensaje a su secretario. &#8220;Quiero leerlo. No importa qu\u00e9 gobernador era pero le dijo &#8216;Hola Mariano, le podes comentar a la vicepresidenta que anoche dijo que nos contestar\u00eda hoy a la ma\u00f1ana? De lo contrario, a trabajar con Wado&#8217;. Y esto era. Si no hab\u00eda lista de unidad, \u00edbamos a ir a las PASO con Wado. Qu\u00e9 nadie se haga los rulos. Nosotros tenemos una gran responsabilidad con la sociedad de no estar discutiendo entre nosotros&#8221;.<\/p>\n<p>&#8220;Finalmente se resolvi\u00f3&#8221;, dijo, y se alcanz\u00f3 el consenso de lista \u00fanica encabezada por Sergio Massa y Agust\u00edn Rossi.<\/p>\n<p>Sin embargo, la vicepresidenta se\u00f1al\u00f3 que la cuesti\u00f3n se zanj\u00f3 luego &#8220;de darle dos puestos de diputados, uno a la que compet\u00eda con Axel (Kicillof) y otra para el ahora Canciller (Santiago Cafiero)&#8221;. Y expres\u00f3: &#8220;Era mucho menos de lo que uno pensaba. Cuando uno ve estas actitudes y estas cosas&#8230;Esta es la verdad. En esto terminaron las PASO&#8221;.<\/p>\n<p>&nbsp;<\/p>\n<p><strong>Agust\u00edn Rossi precandidato a vice<\/strong><\/p>\n<p>Para finalizar, cont\u00f3 tambi\u00e9n c\u00f3mo fue la postulaci\u00f3n de Agust\u00edn Rossi como vice en la f\u00f3rmula. &#8220;El Presidente quer\u00eda llevar a la ministra de Desarrollo Social como compa\u00f1era de f\u00f3rmula&#8221; pero esa f\u00f3rmula iba a ser similar a la que pregona Juntos por el Cambio, dijo, al referirse a &#8220;la comarca macrista&#8221; de la Ciudad de Buenos Aires. &#8220;Iban a ser dos de la provincia de Buenos Aires, lo que ser\u00eda repetir la comarca: porque CABA es una comarca escriturada por la familia Macri&#8221;, coment\u00f3 la expresidenta.<\/p>\n<p>Contrario a las versiones que indican que fue Alberto Fern\u00e1ndez quien puso al vice en la f\u00f3rmula, la exmandataria se\u00f1al\u00f3 que el nombre de Rossi surgi\u00f3 durante la reuni\u00f3n entre Massa, Wado de Pedro y M\u00e1ximo Kirchner. &#8220;Ellos ya ven\u00edan hablando por Agust\u00edn (Rossi) hab\u00eda bajado su candidatura. Y s\u00ed, fue el malo, el de La C\u00e1mpora, fue \u00e9l que lo propuso&#8221;, a\u00f1adi\u00f3 la vicepresidenta en referencia a que fue M\u00e1ximo quien desliz\u00f3 el nombre del santafecino.<\/p>\n<p>Y le agradeci\u00f3 al jefe de Gabinete por resignar su candidatura a Presidente: &#8220;Gracias por la sinceridad y por decir las cosas como son&#8221;.<\/p>\n<p>&#8220;Esto es el peronismo. El orden est\u00e1 en los cementerios, ah\u00ed est\u00e1 todo ordenado. La pol\u00edtica es conducir el desorden y tratar de ordenar de la mejor manera posible para convertir a la pol\u00edtica en un instrumento de transformaci\u00f3n, de cambio&#8221;, finaliz\u00f3.<\/p>\n","protected":false},"excerpt":{"rendered":"<p>La vicepresidenta revel\u00f3 detalles del armado de listas de Uni\u00f3n por la Patria, luego de un viernes agitado que culmin\u00f3 con el anuncio de la precandidatura de Sergio Massa a presidente y de Agust\u00edn Rossi a vice. Cr\u00edticas al presidente Alberto Fern\u00e1ndez y a la ministra de Desarrollo Social, Victoria Tolosa Paz, y reconocimiento para el ministro del Interior, Wado de Pedro &nbsp; &nbsp; La vicepresidenta de la Naci\u00f3n, Cristina Fern\u00e1ndez de Kirchner, revel\u00f3 este lunes los entretelones del armado de listas de Uni\u00f3n por la Patria, luego de un&#8230;<\/p>\n","protected":false},"author":3,"featured_media":103816,"comment_status":"closed","ping_status":"closed","sticky":false,"template":"","format":"standard","meta":[],"categories":[9],"tags":[],"_links":{"self":[{"href":"https:\/\/www.actualidadadiario.com\/index.php\/wp-json\/wp\/v2\/posts\/103815"}],"collection":[{"href":"https:\/\/www.actualidadadiario.com\/index.php\/wp-json\/wp\/v2\/posts"}],"about":[{"href":"https:\/\/www.actualidadadiario.com\/index.php\/wp-json\/wp\/v2\/types\/post"}],"author":[{"embeddable":true,"href":"https:\/\/www.actualidadadiario.com\/index.php\/wp-json\/wp\/v2\/users\/3"}],"replies":[{"embeddable":true,"href":"https:\/\/www.actualidadadiario.com\/index.php\/wp-json\/wp\/v2\/comments?post=103815"}],"version-history":[{"count":1,"href":"https:\/\/www.actualidadadiario.com\/index.php\/wp-json\/wp\/v2\/posts\/103815\/revisions"}],"predecessor-version":[{"id":103817,"href":"https:\/\/www.actualidadadiario.com\/index.php\/wp-json\/wp\/v2\/posts\/103815\/revisions\/103817"}],"wp:featuredmedia":[{"embeddable":true,"href":"https:\/\/www.actualidadadiario.com\/index.php\/wp-json\/wp\/v2\/media\/103816"}],"wp:attachment":[{"href":"https:\/\/www.actualidadadiario.com\/index.php\/wp-json\/wp\/v2\/media?parent=103815"}],"wp:term":[{"taxonomy":"category","embeddable":true,"href":"https:\/\/www.actualidadadiario.com\/index.php\/wp-json\/wp\/v2\/categories?post=103815"},{"taxonomy":"post_tag","embeddable":true,"href":"https:\/\/www.actualidadadiario.com\/index.php\/wp-json\/wp\/v2\/tags?post=103815"}],"curies":[{"name":"wp","href":"https:\/\/api.w.org\/{rel}","templated":true}]}}