{"id":103810,"date":"2023-06-27T13:02:17","date_gmt":"2023-06-27T16:02:17","guid":{"rendered":"https:\/\/www.actualidadadiario.com\/?p=103810"},"modified":"2023-06-27T13:02:17","modified_gmt":"2023-06-27T16:02:17","slug":"no-habra-invierno-tremendo-cambio-climatico-se-viene-el-calor","status":"publish","type":"post","link":"https:\/\/www.actualidadadiario.com\/index.php\/2023\/06\/27\/no-habra-invierno-tremendo-cambio-climatico-se-viene-el-calor\/","title":{"rendered":"\u00bfNo habr\u00e1 invierno? Tremendo cambio clim\u00e1tico, se viene el calor"},"content":{"rendered":"<p style=\"text-align: center;\"><em><strong>El Servicio Meteorol\u00f3gico Nacional anuncia d\u00edas con temperaturas m\u00e1s que altas para este \u00e9poca del a\u00f1o. Julio arranca &#8220;\u00b4pum para arriba&#8221; con las marcas t\u00e9rmicas<\/strong><\/em><\/p>\n<p>&nbsp;<\/p>\n<p>&nbsp;<\/p>\n<p>El cambio clim\u00e1tico es algo a lo que las generaciones que se vienen deber\u00e1n prestarle la atenci\u00f3n que la actual no le presta, porque no es normal el extremado calor vivido este verano como las altas marcas t\u00e9rmicas en este invierno.<\/p>\n<p>Es que el cambio clim\u00e1tico es una realidad y se siente en todo el mundo. Y en la Argentina se est\u00e1 empezando a sentir fuerte desde hace tiempo.<\/p>\n<p>Por eso no sorprende el pron\u00f3stico para los pr\u00f3ximos d\u00edas en la zona del central del pa\u00eds, en particular la zona del AMBA, del Servicio Meteorol\u00f3gico Nacional (SMN).<\/p>\n<p>&nbsp;<\/p>\n<p><strong>M\u00e1s calor en parte del pa\u00eds en los pr\u00f3ximos meses<\/strong><\/p>\n<p>En cuanto a las temperaturas, muchas zonas del pa\u00eds tendr\u00e1n marcas t\u00e9rmicas m\u00e1s altas que las habituales, sobre todo en la provincia de Buenos Aires, en la zona del ANBA y la costa atl\u00e1ntica hasta la ciudad de Mar del Plata.<\/p>\n<p>\u00bfD\u00f3nde har\u00e1 m\u00e1s calor en este trimestre? Sobre el litoral, este de Buenos Aires, regi\u00f3n del NOA y Cuyo.<\/p>\n<p>En tanto, tendr\u00e1n temperaturas normales o m\u00e1s altas de las normales: C\u00f3rdoba, oeste de Santa Fe, oeste de Buenos Aires y La Pampa.<\/p>\n<p>Tendr\u00e1n temperaturas normales la regi\u00f3n norte del pa\u00eds y la zona central.<\/p>\n<p>Donde har\u00e1 m\u00e1s fr\u00edo del habitual es justamente en una zona fr\u00eda, porque el sur de Santa Cruz y Tierra del Fuego tendr\u00e1n temperaturas m\u00e1s bajas a las habituales.<\/p>\n","protected":false},"excerpt":{"rendered":"<p>El Servicio Meteorol\u00f3gico Nacional anuncia d\u00edas con temperaturas m\u00e1s que altas para este \u00e9poca del a\u00f1o. Julio arranca &#8220;\u00b4pum para arriba&#8221; con las marcas t\u00e9rmicas &nbsp; &nbsp; El cambio clim\u00e1tico es algo a lo que las generaciones que se vienen deber\u00e1n prestarle la atenci\u00f3n que la actual no le presta, porque no es normal el extremado calor vivido este verano como las altas marcas t\u00e9rmicas en este invierno. Es que el cambio clim\u00e1tico es una realidad y se siente en todo el mundo. Y en la Argentina se est\u00e1 empezando&#8230;<\/p>\n","protected":false},"author":3,"featured_media":89008,"comment_status":"closed","ping_status":"closed","sticky":false,"template":"","format":"standard","meta":[],"categories":[2],"tags":[],"_links":{"self":[{"href":"https:\/\/www.actualidadadiario.com\/index.php\/wp-json\/wp\/v2\/posts\/103810"}],"collection":[{"href":"https:\/\/www.actualidadadiario.com\/index.php\/wp-json\/wp\/v2\/posts"}],"about":[{"href":"https:\/\/www.actualidadadiario.com\/index.php\/wp-json\/wp\/v2\/types\/post"}],"author":[{"embeddable":true,"href":"https:\/\/www.actualidadadiario.com\/index.php\/wp-json\/wp\/v2\/users\/3"}],"replies":[{"embeddable":true,"href":"https:\/\/www.actualidadadiario.com\/index.php\/wp-json\/wp\/v2\/comments?post=103810"}],"version-history":[{"count":1,"href":"https:\/\/www.actualidadadiario.com\/index.php\/wp-json\/wp\/v2\/posts\/103810\/revisions"}],"predecessor-version":[{"id":103811,"href":"https:\/\/www.actualidadadiario.com\/index.php\/wp-json\/wp\/v2\/posts\/103810\/revisions\/103811"}],"wp:featuredmedia":[{"embeddable":true,"href":"https:\/\/www.actualidadadiario.com\/index.php\/wp-json\/wp\/v2\/media\/89008"}],"wp:attachment":[{"href":"https:\/\/www.actualidadadiario.com\/index.php\/wp-json\/wp\/v2\/media?parent=103810"}],"wp:term":[{"taxonomy":"category","embeddable":true,"href":"https:\/\/www.actualidadadiario.com\/index.php\/wp-json\/wp\/v2\/categories?post=103810"},{"taxonomy":"post_tag","embeddable":true,"href":"https:\/\/www.actualidadadiario.com\/index.php\/wp-json\/wp\/v2\/tags?post=103810"}],"curies":[{"name":"wp","href":"https:\/\/api.w.org\/{rel}","templated":true}]}}