{"id":103800,"date":"2023-06-27T12:31:14","date_gmt":"2023-06-27T15:31:14","guid":{"rendered":"https:\/\/www.actualidadadiario.com\/?p=103800"},"modified":"2023-06-27T12:33:46","modified_gmt":"2023-06-27T15:33:46","slug":"se-oficializo-cuando-asumira-el-nuevo-obispo-de-la-diocesis-de-concordia","status":"publish","type":"post","link":"https:\/\/www.actualidadadiario.com\/index.php\/2023\/06\/27\/se-oficializo-cuando-asumira-el-nuevo-obispo-de-la-diocesis-de-concordia\/","title":{"rendered":"Se oficializ\u00f3 cu\u00e1ndo asumir\u00e1 el nuevo Obispo de la di\u00f3cesis de Concordia"},"content":{"rendered":"<p>Como se inform\u00f3 oportunamente, se trata de monse\u00f1or Gustavo Gabriel Zurbriggen, santafesino, de 59 a\u00f1os; qui\u00e9n reemplazar\u00e1 a monse\u00f1or Luis Armando Collazuol<\/p>\n<p>&nbsp;<\/p>\n<p>&nbsp;<\/p>\n<p>El pasado 21 de junio, el Papa Francisco nombr\u00f3 al nuevo obispo para la di\u00f3cesis de Concordia. La autoridad m\u00e1xima de la Iglesia Cat\u00f3lica nombr\u00f3 obispo a monse\u00f1or Gustavo Gabriel Zurbriggen, santafesino, de 59 a\u00f1os; qui\u00e9n actualmente es obispo de la prelatura de De\u00e1n Funes, en la provincia de C\u00f3rdoba.<\/p>\n<p>Simult\u00e1neamente, acept\u00f3 la renuncia al gobierno pastoral de la di\u00f3cesis de Concordia presentada por monse\u00f1or Luis Armando Collazuol, al haber cumplido 75 a\u00f1os (10 de febrero de 2023) y lo design\u00f3 administrador apost\u00f3lico Concordia hasta la toma de posesi\u00f3n can\u00f3nica de su sucesor.<\/p>\n<p>&nbsp;<\/p>\n<p><strong>Fecha<\/strong><\/p>\n<p>Este lunes se conoci\u00f3 que la fecha de asunci\u00f3n de Zurbriggen ser\u00e1 el viernes 1 de septiembre. As\u00ed lo comunic\u00f3 Luis Armando Collazuol, a trav\u00e9s de un documento oficial del Obispado de Concordia.<\/p>\n<p>Adem\u00e1s, adelant\u00f3 que el \u00abinicio del ministerio pastoral del nuevo obispo se realizar\u00e1 en la Catedral San Antonio de Padua\u00bb, con horario a\u00fan a confirmar.<\/p>\n","protected":false},"excerpt":{"rendered":"<p>Como se inform\u00f3 oportunamente, se trata de monse\u00f1or Gustavo Gabriel Zurbriggen, santafesino, de 59 a\u00f1os; qui\u00e9n reemplazar\u00e1 a monse\u00f1or Luis Armando Collazuol &nbsp; &nbsp; El pasado 21 de junio, el Papa Francisco nombr\u00f3 al nuevo obispo para la di\u00f3cesis de Concordia. La autoridad m\u00e1xima de la Iglesia Cat\u00f3lica nombr\u00f3 obispo a monse\u00f1or Gustavo Gabriel Zurbriggen, santafesino, de 59 a\u00f1os; qui\u00e9n actualmente es obispo de la prelatura de De\u00e1n Funes, en la provincia de C\u00f3rdoba. Simult\u00e1neamente, acept\u00f3 la renuncia al gobierno pastoral de la di\u00f3cesis de Concordia presentada por monse\u00f1or Luis&#8230;<\/p>\n","protected":false},"author":3,"featured_media":103419,"comment_status":"closed","ping_status":"closed","sticky":false,"template":"","format":"standard","meta":[],"categories":[15],"tags":[],"_links":{"self":[{"href":"https:\/\/www.actualidadadiario.com\/index.php\/wp-json\/wp\/v2\/posts\/103800"}],"collection":[{"href":"https:\/\/www.actualidadadiario.com\/index.php\/wp-json\/wp\/v2\/posts"}],"about":[{"href":"https:\/\/www.actualidadadiario.com\/index.php\/wp-json\/wp\/v2\/types\/post"}],"author":[{"embeddable":true,"href":"https:\/\/www.actualidadadiario.com\/index.php\/wp-json\/wp\/v2\/users\/3"}],"replies":[{"embeddable":true,"href":"https:\/\/www.actualidadadiario.com\/index.php\/wp-json\/wp\/v2\/comments?post=103800"}],"version-history":[{"count":1,"href":"https:\/\/www.actualidadadiario.com\/index.php\/wp-json\/wp\/v2\/posts\/103800\/revisions"}],"predecessor-version":[{"id":103801,"href":"https:\/\/www.actualidadadiario.com\/index.php\/wp-json\/wp\/v2\/posts\/103800\/revisions\/103801"}],"wp:featuredmedia":[{"embeddable":true,"href":"https:\/\/www.actualidadadiario.com\/index.php\/wp-json\/wp\/v2\/media\/103419"}],"wp:attachment":[{"href":"https:\/\/www.actualidadadiario.com\/index.php\/wp-json\/wp\/v2\/media?parent=103800"}],"wp:term":[{"taxonomy":"category","embeddable":true,"href":"https:\/\/www.actualidadadiario.com\/index.php\/wp-json\/wp\/v2\/categories?post=103800"},{"taxonomy":"post_tag","embeddable":true,"href":"https:\/\/www.actualidadadiario.com\/index.php\/wp-json\/wp\/v2\/tags?post=103800"}],"curies":[{"name":"wp","href":"https:\/\/api.w.org\/{rel}","templated":true}]}}