{"id":103798,"date":"2023-06-27T12:29:41","date_gmt":"2023-06-27T15:29:41","guid":{"rendered":"https:\/\/www.actualidadadiario.com\/?p=103798"},"modified":"2023-06-27T12:29:41","modified_gmt":"2023-06-27T15:29:41","slug":"tras-el-acuerdo-con-provincia-agmer-convoco-a-congreso-para-discutir-salarios-del-segundo-cuatrimestre","status":"publish","type":"post","link":"https:\/\/www.actualidadadiario.com\/index.php\/2023\/06\/27\/tras-el-acuerdo-con-provincia-agmer-convoco-a-congreso-para-discutir-salarios-del-segundo-cuatrimestre\/","title":{"rendered":"Tras el acuerdo con Provincia, Agmer convoc\u00f3 a Congreso para discutir salarios del segundo cuatrimestre"},"content":{"rendered":"<p style=\"text-align: center;\"><em><strong>En horas del mediod\u00eda de este lunes 26 se llev\u00f3 a cabo la audiencia en el marco de la paritaria salarial. \u201cHubo mejoramiento de la paritaria firmada para el primer semestre y un ofrecimiento salarial para el segundo semestre\u201d, indicaron desde Agmer y detallaron que \u201cser\u00e1 analizado por nuestras asambleas y Congreso Extraordinario\u201d<\/strong><\/em><\/p>\n<p>&nbsp;<\/p>\n<p>&nbsp;<\/p>\n<p>Concurrieron por el sindicato Marcelo Pagani, Ana Delaloye, Guillermo Zampedri y Juan Carlos Crettaz junto a su representante ante el CGE, la Vocal Susana Cogno y la asesora Legal del gremio, Ver\u00f3nica Fischbach.<\/p>\n<p>En la instancia el gobierno comunic\u00f3, a trav\u00e9s de sus miembros paritarios, la decisi\u00f3n de pagar la diferencia acumulada de inflaci\u00f3n del primer semestre, m\u00e1s un 7% por sobre la misma con haberes de julio. Adem\u00e1s, adelantar un 7% de dicha diferencia a abonar con salarios de julio retroactivo a junio.<\/p>\n<p>El retroactivo a junio de un porcentaje determinado y el mejoramiento de aquel 5% estipulado en el acuerdo paritario firmado a principios de a\u00f1o fueron demandas realizadas en el anterior encuentro paritario.<\/p>\n<p>&nbsp;<\/p>\n<p><strong>Segundo semestre<\/strong><\/p>\n<p>Por otro lado, y ya como parte de la negociaci\u00f3n que se abre para determinar la pauta salarial del segundo semestre, el gobierno realiz\u00f3 un ofrecimiento de cl\u00e1usula trimestral para los meses del segundo semestre, lo cual ser\u00e1 puesto a consideraci\u00f3n de los \u00f3rganos deliberativos del sindicato.<\/p>\n<p>La paritaria pas\u00f3 para un cuarto intermedio con una nueva reuni\u00f3n a realizarse el d\u00eda 4 de julio del corriente.<\/p>\n<p>\u201cAnte estos momentos tan dif\u00edciles para la clase trabajadora, nuestro sindicato ha convocado a asambleas en toda la provincia de cara al Congreso Extraordinario que se llevar\u00e1 a cabo este jueves 29 a las 9:00 horas en Diamante\u201d, informaron desde Agmer.<\/p>\n<p>\u201cEn dichos \u00f3rganos resolutivos nuestro sindicato determinar\u00e1 cu\u00e1les son las demandas y acciones a seguir. Instamos a nuestras y nuestros compa\u00f1eros a participar en cada una de las asambleas para que entre todos y todas determinemos el rumbo de las decisiones a tomar\u201d, expresaron a modo de cierre.<\/p>\n","protected":false},"excerpt":{"rendered":"<p>En horas del mediod\u00eda de este lunes 26 se llev\u00f3 a cabo la audiencia en el marco de la paritaria salarial. \u201cHubo mejoramiento de la paritaria firmada para el primer semestre y un ofrecimiento salarial para el segundo semestre\u201d, indicaron desde Agmer y detallaron que \u201cser\u00e1 analizado por nuestras asambleas y Congreso Extraordinario\u201d &nbsp; &nbsp; Concurrieron por el sindicato Marcelo Pagani, Ana Delaloye, Guillermo Zampedri y Juan Carlos Crettaz junto a su representante ante el CGE, la Vocal Susana Cogno y la asesora Legal del gremio, Ver\u00f3nica Fischbach. En la&#8230;<\/p>\n","protected":false},"author":3,"featured_media":20804,"comment_status":"closed","ping_status":"closed","sticky":false,"template":"","format":"standard","meta":[],"categories":[15],"tags":[],"_links":{"self":[{"href":"https:\/\/www.actualidadadiario.com\/index.php\/wp-json\/wp\/v2\/posts\/103798"}],"collection":[{"href":"https:\/\/www.actualidadadiario.com\/index.php\/wp-json\/wp\/v2\/posts"}],"about":[{"href":"https:\/\/www.actualidadadiario.com\/index.php\/wp-json\/wp\/v2\/types\/post"}],"author":[{"embeddable":true,"href":"https:\/\/www.actualidadadiario.com\/index.php\/wp-json\/wp\/v2\/users\/3"}],"replies":[{"embeddable":true,"href":"https:\/\/www.actualidadadiario.com\/index.php\/wp-json\/wp\/v2\/comments?post=103798"}],"version-history":[{"count":1,"href":"https:\/\/www.actualidadadiario.com\/index.php\/wp-json\/wp\/v2\/posts\/103798\/revisions"}],"predecessor-version":[{"id":103799,"href":"https:\/\/www.actualidadadiario.com\/index.php\/wp-json\/wp\/v2\/posts\/103798\/revisions\/103799"}],"wp:featuredmedia":[{"embeddable":true,"href":"https:\/\/www.actualidadadiario.com\/index.php\/wp-json\/wp\/v2\/media\/20804"}],"wp:attachment":[{"href":"https:\/\/www.actualidadadiario.com\/index.php\/wp-json\/wp\/v2\/media?parent=103798"}],"wp:term":[{"taxonomy":"category","embeddable":true,"href":"https:\/\/www.actualidadadiario.com\/index.php\/wp-json\/wp\/v2\/categories?post=103798"},{"taxonomy":"post_tag","embeddable":true,"href":"https:\/\/www.actualidadadiario.com\/index.php\/wp-json\/wp\/v2\/tags?post=103798"}],"curies":[{"name":"wp","href":"https:\/\/api.w.org\/{rel}","templated":true}]}}