{"id":103795,"date":"2023-06-27T12:28:31","date_gmt":"2023-06-27T15:28:31","guid":{"rendered":"https:\/\/www.actualidadadiario.com\/?p=103795"},"modified":"2023-06-27T12:28:31","modified_gmt":"2023-06-27T15:28:31","slug":"califican-como-insolito-que-la-dirigencia-de-la-ucr-le-impida-a-galimberti-pegar-boleta-con-los-presidenciables-de-jxc","status":"publish","type":"post","link":"https:\/\/www.actualidadadiario.com\/index.php\/2023\/06\/27\/califican-como-insolito-que-la-dirigencia-de-la-ucr-le-impida-a-galimberti-pegar-boleta-con-los-presidenciables-de-jxc\/","title":{"rendered":"Califican como \u201cins\u00f3lito\u201d que la dirigencia de la UCR le impida a Galimberti pegar boleta con los presidenciables de JxC"},"content":{"rendered":"<p style=\"text-align: center;\"><em><strong>Desde Concordia Cambia, el sector radical que impulsa la precandidatura a gobernador de Pedro Galimberti afirmaron que \u201ces un atropello que altos dirigentes de nuestros partido -incluido el propio presidente del Comit\u00e9 Nacional y precandidato (Gerardo Morales) que comparte boleta con la lista que encabeza un extra partidario (Horacio Rodr\u00edguez Larreta), le niegue tal posibilidad a la lista de sus propios correligionarios (Pedro Gaimberti)<\/strong><\/em><\/p>\n<p>&nbsp;<\/p>\n<p>&nbsp;<\/p>\n<p>\u201cLa Uni\u00f3n C\u00edvica Radical, partido pol\u00edtico con m\u00e1s de cien a\u00f1os de existencia y conocida trayectoria, tiene desde a\u00f1os atr\u00e1s acordada una alianza en el orden nacional y local con otras fuerzas c\u00edvicas para competir en las pr\u00f3ximas elecciones\u201d, afirmaron.<\/p>\n<p>\u201cEso lo han decidido los cuerpos org\u00e1nicos partidarios Convenci\u00f3n Nacional y Congresos Provinciales y lo hemos acatado y sostenido la mayor\u00eda de los radicales\u201d, agregaron.<\/p>\n<p>\u201cNo obstante, pensamos que\u00a0 si bien podemos albergar coincidencias con hombres y mujeres de otra procedencia partidaria las mismas deben ser mayores, casi id\u00e9nticas, cuando se trata de afiliados a nuestra propia fuerza\u201d, consideraron.<\/p>\n<p>\u201cPor tal raz\u00f3n, nos resulta inentendible, ins\u00f3lito y agraviante que altos dirigentes de nuestros partido, incluido el propio presidente del Comit\u00e9 Nacional, y candidato \u00e9l mismo, acceda a compartir boleta con la lista que encabeza un extra partidario, y le niegue tal posibilidad a la lista de sus propios correligionarios\u201d, manifestaron luego desde Concordia Cambia.<\/p>\n<p>\u201cTal circunstancia, que coloca a buena parte del radicalismo entrerriano en una situaci\u00f3n de inferioridad competitiva en la selecci\u00f3n de candidaturas, conspira abiertamente con la conformaci\u00f3n de una aut\u00e9ntica alianza concertada entre distintos fuerzas partidarias\u201d, apuntaron.<\/p>\n<p>\u201cY, lo que es peor, crea un elemento disociador que impide o limita la necesaria sumatoria de fuerzas y relativiza las posibilidades electorales de la oposici\u00f3n\u201d, advirtieron.<\/p>\n<p>\u201cFavorece en los hechos a un oficialismo pernicioso que viene manejando nuestra Provincia de a\u00f1os atr\u00e1s y que todos queremos superar\u201d, se\u00f1alaron finalmente.<\/p>\n","protected":false},"excerpt":{"rendered":"<p>Desde Concordia Cambia, el sector radical que impulsa la precandidatura a gobernador de Pedro Galimberti afirmaron que \u201ces un atropello que altos dirigentes de nuestros partido -incluido el propio presidente del Comit\u00e9 Nacional y precandidato (Gerardo Morales) que comparte boleta con la lista que encabeza un extra partidario (Horacio Rodr\u00edguez Larreta), le niegue tal posibilidad a la lista de sus propios correligionarios (Pedro Gaimberti) &nbsp; &nbsp; \u201cLa Uni\u00f3n C\u00edvica Radical, partido pol\u00edtico con m\u00e1s de cien a\u00f1os de existencia y conocida trayectoria, tiene desde a\u00f1os atr\u00e1s acordada una alianza en&#8230;<\/p>\n","protected":false},"author":3,"featured_media":103796,"comment_status":"closed","ping_status":"closed","sticky":false,"template":"","format":"standard","meta":[],"categories":[15],"tags":[],"_links":{"self":[{"href":"https:\/\/www.actualidadadiario.com\/index.php\/wp-json\/wp\/v2\/posts\/103795"}],"collection":[{"href":"https:\/\/www.actualidadadiario.com\/index.php\/wp-json\/wp\/v2\/posts"}],"about":[{"href":"https:\/\/www.actualidadadiario.com\/index.php\/wp-json\/wp\/v2\/types\/post"}],"author":[{"embeddable":true,"href":"https:\/\/www.actualidadadiario.com\/index.php\/wp-json\/wp\/v2\/users\/3"}],"replies":[{"embeddable":true,"href":"https:\/\/www.actualidadadiario.com\/index.php\/wp-json\/wp\/v2\/comments?post=103795"}],"version-history":[{"count":1,"href":"https:\/\/www.actualidadadiario.com\/index.php\/wp-json\/wp\/v2\/posts\/103795\/revisions"}],"predecessor-version":[{"id":103797,"href":"https:\/\/www.actualidadadiario.com\/index.php\/wp-json\/wp\/v2\/posts\/103795\/revisions\/103797"}],"wp:featuredmedia":[{"embeddable":true,"href":"https:\/\/www.actualidadadiario.com\/index.php\/wp-json\/wp\/v2\/media\/103796"}],"wp:attachment":[{"href":"https:\/\/www.actualidadadiario.com\/index.php\/wp-json\/wp\/v2\/media?parent=103795"}],"wp:term":[{"taxonomy":"category","embeddable":true,"href":"https:\/\/www.actualidadadiario.com\/index.php\/wp-json\/wp\/v2\/categories?post=103795"},{"taxonomy":"post_tag","embeddable":true,"href":"https:\/\/www.actualidadadiario.com\/index.php\/wp-json\/wp\/v2\/tags?post=103795"}],"curies":[{"name":"wp","href":"https:\/\/api.w.org\/{rel}","templated":true}]}}