{"id":103789,"date":"2023-06-27T12:25:35","date_gmt":"2023-06-27T15:25:35","guid":{"rendered":"https:\/\/www.actualidadadiario.com\/?p=103789"},"modified":"2023-06-27T12:25:35","modified_gmt":"2023-06-27T15:25:35","slug":"la-provincia-aumento-la-propuesta-para-los-estatales-y-los-gremios-aceptaron","status":"publish","type":"post","link":"https:\/\/www.actualidadadiario.com\/index.php\/2023\/06\/27\/la-provincia-aumento-la-propuesta-para-los-estatales-y-los-gremios-aceptaron\/","title":{"rendered":"La provincia aument\u00f3 la propuesta para los estatales y los gremios aceptaron"},"content":{"rendered":"<p style=\"text-align: center;\"><em><strong>El gobierno de Entre R\u00edos se reuni\u00f3 nuevamente en paritarias con las y los representantes de los gremios estatales. Se acord\u00f3 en ese marco un incremento del 20 por ciento, 7 a pagar con los haberes de junio y 13 con los de julio<\/strong><\/em><\/p>\n<p>&nbsp;<\/p>\n<p>&nbsp;<\/p>\n<p>Las y los representantes de los gremios estatales reconocieron el esfuerzo por parte del gobierno provincial para que los salarios mantengan el poder adquisitivo, as\u00ed como la posibilidad de lograr acuerdos en dos reuniones paritarias la semana pasada para cerrar el primer semestre del a\u00f1o.<\/p>\n<p>Tambi\u00e9n se acord\u00f3 cambiar los topes de las asignaciones familiares para que vuelvan al tramo original a partir del 1 de julio y continuar con las negociaciones paritarias cuando se conozcan los \u00edndices inflacionarios del mes de julio, es decir a mediados de agosto.<\/p>\n<p>&nbsp;<\/p>\n<p><strong>Respuesta a los planteos<\/strong><\/p>\n<p>El ministro de Econom\u00eda, Hugo Ballay, se\u00f1al\u00f3 que \u201cdesde el Ejecutivo, con la decisi\u00f3n de nuestro gobernador Gustavo Bordet, y analizando tres puntos fundamentales que los gremios hab\u00edan solicitado en la reuni\u00f3n anterior, es que el ofrecimiento de hoy elev\u00f3 ese 18 por ciento ofrecido oportunamente a 20\u201d.<\/p>\n<p>En referencia al segundo punto planteado por los gremios en la reuni\u00f3n anterior, de adelantar parte del aumento en el mes de junio, el ministro indic\u00f3 que \u201cla propuesta es 7 por ciento en el mes de junio y 13 por ciento en el mes de julio\u201d.<\/p>\n<p>Por otra parte, hab\u00eda tambi\u00e9n un planteo respecto a los topes sobre los cuales se afectan las asignaciones familiares. En ese sentido, Ballay dijo que \u201ca partir del 1 de julio vamos a modificar esos topes del salario familiar, con el compromiso de que quienes hoy est\u00e1n perjudicados por los incrementos salariales, que les modifica el tramo, volverlos a los tramos originales\u201d.<\/p>\n<p>\u201cCreo que dimos respuesta y lo reconocieron los propios gremios. M\u00e1s all\u00e1 de aprobar la propuesta del gobierno, es muy importante el di\u00e1logo, la reuni\u00f3n paritaria, que los incrementos salariales sean de acuerdo con los gremios y no por decretos del Poder Ejecutivo\u201d, remarc\u00f3 el funcionario.<\/p>\n<p>Destac\u00f3 a su vez, que esto puede hacerse debido al ordenamiento de las cuentas provinciales, que \u201cnos permite hoy sentarnos con los gremios con la misma responsabilidad que lo hicimos siempre, pero con posibilidades de que las y los trabajadores vayan ganando de a poquito a la inflaci\u00f3n. Este compromiso lo hizo el gobernador ante la Asamblea Legislativa y lo venimos cumpliendo\u201d, concluy\u00f3 Ballay.<\/p>\n<p>El encuentro fue presidido por la subsecretaria de Empleo Municipal, Mercedes Maslein.<\/p>\n","protected":false},"excerpt":{"rendered":"<p>El gobierno de Entre R\u00edos se reuni\u00f3 nuevamente en paritarias con las y los representantes de los gremios estatales. Se acord\u00f3 en ese marco un incremento del 20 por ciento, 7 a pagar con los haberes de junio y 13 con los de julio &nbsp; &nbsp; Las y los representantes de los gremios estatales reconocieron el esfuerzo por parte del gobierno provincial para que los salarios mantengan el poder adquisitivo, as\u00ed como la posibilidad de lograr acuerdos en dos reuniones paritarias la semana pasada para cerrar el primer semestre del&#8230;<\/p>\n","protected":false},"author":3,"featured_media":103790,"comment_status":"closed","ping_status":"closed","sticky":false,"template":"","format":"standard","meta":[],"categories":[15],"tags":[],"_links":{"self":[{"href":"https:\/\/www.actualidadadiario.com\/index.php\/wp-json\/wp\/v2\/posts\/103789"}],"collection":[{"href":"https:\/\/www.actualidadadiario.com\/index.php\/wp-json\/wp\/v2\/posts"}],"about":[{"href":"https:\/\/www.actualidadadiario.com\/index.php\/wp-json\/wp\/v2\/types\/post"}],"author":[{"embeddable":true,"href":"https:\/\/www.actualidadadiario.com\/index.php\/wp-json\/wp\/v2\/users\/3"}],"replies":[{"embeddable":true,"href":"https:\/\/www.actualidadadiario.com\/index.php\/wp-json\/wp\/v2\/comments?post=103789"}],"version-history":[{"count":1,"href":"https:\/\/www.actualidadadiario.com\/index.php\/wp-json\/wp\/v2\/posts\/103789\/revisions"}],"predecessor-version":[{"id":103791,"href":"https:\/\/www.actualidadadiario.com\/index.php\/wp-json\/wp\/v2\/posts\/103789\/revisions\/103791"}],"wp:featuredmedia":[{"embeddable":true,"href":"https:\/\/www.actualidadadiario.com\/index.php\/wp-json\/wp\/v2\/media\/103790"}],"wp:attachment":[{"href":"https:\/\/www.actualidadadiario.com\/index.php\/wp-json\/wp\/v2\/media?parent=103789"}],"wp:term":[{"taxonomy":"category","embeddable":true,"href":"https:\/\/www.actualidadadiario.com\/index.php\/wp-json\/wp\/v2\/categories?post=103789"},{"taxonomy":"post_tag","embeddable":true,"href":"https:\/\/www.actualidadadiario.com\/index.php\/wp-json\/wp\/v2\/tags?post=103789"}],"curies":[{"name":"wp","href":"https:\/\/api.w.org\/{rel}","templated":true}]}}