{"id":103785,"date":"2023-06-27T12:23:28","date_gmt":"2023-06-27T15:23:28","guid":{"rendered":"https:\/\/www.actualidadadiario.com\/?p=103785"},"modified":"2023-06-27T12:23:28","modified_gmt":"2023-06-27T15:23:28","slug":"las-pymes-argentinas-generaron-140-000-puestos-de-trabajo-en-el-primer-trimestre","status":"publish","type":"post","link":"https:\/\/www.actualidadadiario.com\/index.php\/2023\/06\/27\/las-pymes-argentinas-generaron-140-000-puestos-de-trabajo-en-el-primer-trimestre\/","title":{"rendered":"Las pymes argentinas generaron 140.000 puestos de trabajo en el primer trimestre"},"content":{"rendered":"<p style=\"text-align: center;\"><em><strong>Adem\u00e1s de un crecimiento en el nivel de actividad, las MiPyMEs registraron tambi\u00e9n un aumento en su capacidad exportadora<\/strong><\/em><\/p>\n<p>&nbsp;<\/p>\n<p>&nbsp;<\/p>\n<p>La Secretar\u00eda de Industria y Desarrollo Productivo del Ministerio de Econom\u00eda de la Naci\u00f3n destac\u00f3 la relevancia para el desarrollo de la econom\u00eda argentina de las peque\u00f1as y medianas empresas ya que representan el 99,4% del total de empresas del pa\u00eds y emplean al 64% de los asalariados registrados.<\/p>\n<p>\u201cUno de nuestros compromisos con las pymes al asumir el Ministerio de Econom\u00eda fue mantener el nivel de actividad. El orden macroecon\u00f3mico es con producci\u00f3n y\u00a0 empleo. Diez meses despu\u00e9s estamos tranquilos porque cumplimos y vamos a seguir cumpliendo esa premisa gracias a los programas de alivio fiscal y de\u00a0 financiamiento a la inversi\u00f3n productiva&#8221; afirm\u00f3 el ministro de Econom\u00eda, Sergio Massa.<\/p>\n<p>Protegerlas e impulsarlas es uno de los ejes centrales en el desarrollo de la estructura productiva nacional. #D\u00edaInternacionalDeLasPyMEs https:\/\/t.co\/Cot4NuIzwm<\/p>\n<p>Durante esta gesti\u00f3n, el cr\u00e9dito PyME creci\u00f3 un 90%. En ese sentido, el secretario de Industria y Desarrollo Productivo, Jos\u00e9 Ignacio de Mendiguren, resalt\u00f3: \u201cEl rumbo pol\u00edtico que traz\u00f3 Sergio Massa cuando se hizo cargo de la gesti\u00f3n fue claro: apoyar la producci\u00f3n para que no caiga el nivel de actividad. Por eso lanzamos Cr\u00e9dito Argentino, CreAr, el programa de financiamiento MiPyME m\u00e1s grande de la historia reciente, donde pusimos primero 500.000 millones de pesos para financiar a la producci\u00f3n con tasas acordes, eso se coloc\u00f3, lo llevamos a 800 mil millones, se volvi\u00f3 a colocar y ahora lo llevamos a un bill\u00f3n de pesos, con 40 puntos de subsidio de tasa al que muchas provincias le agregan otros 5 puntos m\u00e1s. Hay una alianza entre producci\u00f3n y trabajo que es virtuosa\u201d.<\/p>\n<p>Seg\u00fan el \u00faltimo \u00cdndice de Producci\u00f3n Industrial Pyme de la Confederaci\u00f3n Argentina de la Mediana Empresa (CAME), la actividad de las peque\u00f1as y medianas empresas mostr\u00f3 un crecimiento interanual de 0,3% en mayo respecto al mismo per\u00edodo del a\u00f1o anterior. Esto se da en el marco de un crecimiento generalizado de la actividad econ\u00f3mica.<\/p>\n<p>En t\u00e9rminos de inversi\u00f3n, la tasa en dicho per\u00edodo fue del 18,9%, la m\u00e1s alta desde el tercer trimestre de 2008, y de 36,3% por sobre los niveles de la pre-pandemia (\u00faltimo trimestre de 2019).<\/p>\n<p>En ese contexto, la industria se destaca como el sector que m\u00e1s aport\u00f3 al crecimiento del PBI, con una suba interanual del 2,8% y de 12,4% por sobre los niveles de la pre-pandemia (primer trimestre de 2019). Fue el valor m\u00e1s alto de producci\u00f3n industrial para un primer trimestre desde 2015.<\/p>\n<p>Adem\u00e1s de un crecimiento en el nivel de actividad, las MiPyMEs registraron tambi\u00e9n un aumento en su capacidad exportadora.<\/p>\n<p>El Producto Bruto Interno del primer trimestre registr\u00f3 un aumento tanto en t\u00e9rminos interanuales como respecto al trimestre anterior.<\/p>\n<p>Seg\u00fan datos de la subsecretar\u00eda de la Peque\u00f1a y Mediana Empresa, las MiPyMEs representan el 90% de las empresas exportadoras y el a\u00f1o pasado, 8.540 MiPyMEs exportaron por 12.900 millones de d\u00f3lares, un 8,3% m\u00e1s que en 2021.<\/p>\n<p>Por otra parte, hay cerca de 1.700.000 MiPyMEs registradas en el Registro PyME, que cuentan con el certificado oficial que les permite acceder a beneficios impositivos, aduaneros y de seguridad social, entre otros programas de est\u00edmulo, como los impulsados desde la Secretar\u00eda de Industria y Desarrollo Productivo de la Naci\u00f3n.<\/p>\n","protected":false},"excerpt":{"rendered":"<p>Adem\u00e1s de un crecimiento en el nivel de actividad, las MiPyMEs registraron tambi\u00e9n un aumento en su capacidad exportadora &nbsp; &nbsp; La Secretar\u00eda de Industria y Desarrollo Productivo del Ministerio de Econom\u00eda de la Naci\u00f3n destac\u00f3 la relevancia para el desarrollo de la econom\u00eda argentina de las peque\u00f1as y medianas empresas ya que representan el 99,4% del total de empresas del pa\u00eds y emplean al 64% de los asalariados registrados. \u201cUno de nuestros compromisos con las pymes al asumir el Ministerio de Econom\u00eda fue mantener el nivel de actividad. El&#8230;<\/p>\n","protected":false},"author":3,"featured_media":82096,"comment_status":"closed","ping_status":"closed","sticky":false,"template":"","format":"standard","meta":[],"categories":[2],"tags":[],"_links":{"self":[{"href":"https:\/\/www.actualidadadiario.com\/index.php\/wp-json\/wp\/v2\/posts\/103785"}],"collection":[{"href":"https:\/\/www.actualidadadiario.com\/index.php\/wp-json\/wp\/v2\/posts"}],"about":[{"href":"https:\/\/www.actualidadadiario.com\/index.php\/wp-json\/wp\/v2\/types\/post"}],"author":[{"embeddable":true,"href":"https:\/\/www.actualidadadiario.com\/index.php\/wp-json\/wp\/v2\/users\/3"}],"replies":[{"embeddable":true,"href":"https:\/\/www.actualidadadiario.com\/index.php\/wp-json\/wp\/v2\/comments?post=103785"}],"version-history":[{"count":1,"href":"https:\/\/www.actualidadadiario.com\/index.php\/wp-json\/wp\/v2\/posts\/103785\/revisions"}],"predecessor-version":[{"id":103786,"href":"https:\/\/www.actualidadadiario.com\/index.php\/wp-json\/wp\/v2\/posts\/103785\/revisions\/103786"}],"wp:featuredmedia":[{"embeddable":true,"href":"https:\/\/www.actualidadadiario.com\/index.php\/wp-json\/wp\/v2\/media\/82096"}],"wp:attachment":[{"href":"https:\/\/www.actualidadadiario.com\/index.php\/wp-json\/wp\/v2\/media?parent=103785"}],"wp:term":[{"taxonomy":"category","embeddable":true,"href":"https:\/\/www.actualidadadiario.com\/index.php\/wp-json\/wp\/v2\/categories?post=103785"},{"taxonomy":"post_tag","embeddable":true,"href":"https:\/\/www.actualidadadiario.com\/index.php\/wp-json\/wp\/v2\/tags?post=103785"}],"curies":[{"name":"wp","href":"https:\/\/api.w.org\/{rel}","templated":true}]}}