{"id":103783,"date":"2023-06-27T12:22:07","date_gmt":"2023-06-27T15:22:07","guid":{"rendered":"https:\/\/www.actualidadadiario.com\/?p=103783"},"modified":"2023-06-27T12:22:07","modified_gmt":"2023-06-27T15:22:07","slug":"pronostican-una-desaceleracion-leve-de-la-inflacion-para-junio","status":"publish","type":"post","link":"https:\/\/www.actualidadadiario.com\/index.php\/2023\/06\/27\/pronostican-una-desaceleracion-leve-de-la-inflacion-para-junio\/","title":{"rendered":"Pronostican una desaceleraci\u00f3n leve de la Inflaci\u00f3n para junio"},"content":{"rendered":"<p style=\"text-align: center;\"><em><strong>El dato de inflaci\u00f3n de este mes ser\u00eda el m\u00e1s bajo desde febrero. Se explica por una menor suba en alimentos y servicios, adem\u00e1s del componente estacional<\/strong><\/em><\/p>\n<p>&nbsp;<\/p>\n<p>&nbsp;<\/p>\n<p>La inflaci\u00f3n de junio volver\u00eda a mostrar una leve desaceleraci\u00f3n con respecto al mes previo, seg\u00fan distintas consultoras privadas. As\u00ed, el dato de este mes ser\u00eda el m\u00e1s bajo desde febrero, hecho que se explica por diversos factores entre los que se destacan una menor suba en alimentos y regulados, como as\u00ed tambi\u00e9n un menor componente estacional.<\/p>\n<p>En ese marco, los pron\u00f3sticos de distintos analistas oscilaron entre una variaci\u00f3n del IPC \u201cpor debajo\u201d del 7% y el 7,5%. Menor al 7,8% de mayo, como as\u00ed tambi\u00e9n del 8,4% de abril y el 7,7% de marzo. \u201cProbablemente la inflaci\u00f3n de junio cierre por debajo del 7%. Se debe a una menor suba en alimentos, especialmente en la primera quincena; algo que en la tercera semana se empez\u00f3 a revertir. Por otro lado, a diferencia de mayo, en junio s\u00f3lo ten\u00e9s aumento de electricidad, en vez de gas y electricidad\u201d, explic\u00f3 Camilo Tiscornia, de la consultora C&amp;T.<\/p>\n<p>Por su parte, Francisco Ristorto, economista de ACM, remarc\u00f3 que \u201ces probable que observemos una desaceleraci\u00f3n en junio\u201d. \u201cDada la evoluci\u00f3n actual de precios, estamos proyectando una inflaci\u00f3n del mes en torno al 7,2%. Este ser\u00eda el valor mensual m\u00e1s bajo registrado desde febrero de este a\u00f1o, lo que implica una desaceleraci\u00f3n respecto a los \u00faltimos meses y que acompa\u00f1a lo visto en mayo\u201d, se\u00f1al\u00f3.<\/p>\n<p>\u201cEsta desaceleraci\u00f3n est\u00e1 relacionada principalmente a una moderaci\u00f3n en el aumento de alimentos y bebidas -segmento de mayor incidencia dentro del IPC-, donde parece que carnes y frutas presentaron un menor incremento en la primera mitad de junio. Por \u00faltimo, se espera un aumento de los precios regulados por debajo de lo ocurrido en mayo, aportando a dicha desaceleraci\u00f3n respecto a los \u00faltimos meses. Adem\u00e1s, no hay que desconsiderar el factor \u2018sorpresa\u2019 del dato de mayo, que mostr\u00f3 un valor m\u00e1s bajo del esperado por el mercado, lo que permite al Gobierno intentar contener la inercia inflacionaria v\u00eda expectativas\u201d, agreg\u00f3.<\/p>\n<p>Por su parte, seg\u00fan se\u00f1alaron desde la consultora Analytica, sus proyecciones ubican la inflaci\u00f3n de junio en torno al 7,5%.<\/p>\n<p>&nbsp;<\/p>\n<p><strong>Alimentos <\/strong><\/p>\n<p>Si bien los alimentos presentan una evoluci\u00f3n por debajo a la evidenciada en los meses anteriores, de acuerdo al relevamiento de la consultora LCG se aceleraron durante la tercera semana junio: la canasta que mide la firma marc\u00f3 un incremento del 2,7% semanal, aceler\u00e1ndose 1,9 p.p. frente a la semana previa y para acumular una inflaci\u00f3n del 4% en lo que va del mes. \u201cLa inflaci\u00f3n promedio mensual tambi\u00e9n se aceler\u00f3 a 6,8%, 0,3 pp m\u00e1s que la semana previa (punta contra punta la suba es de 7,6% mensual)\u201d, analizaron.<\/p>\n<p>\u201cEsta semana el porcentaje de productos fue considerablemente superior al de semanas anteriores: 57%. Este nivel sucede a tres semanas al hilo con un 17,5% de los productos relevados con aumento. Sumando este \u00faltimo dato, el promedio mensual es de 27% actualmente, lo que significa que el total de la canasta ajusta cada 3,8 semanas en promedio\u201d, explicaron. Los productos panificados, cereales y pastas, y los l\u00e1cteos y huevos, explicaron buena parte de la suba en la tercera semana. Una menor incidencia tuvieron las carnes y verduras.<\/p>\n","protected":false},"excerpt":{"rendered":"<p>El dato de inflaci\u00f3n de este mes ser\u00eda el m\u00e1s bajo desde febrero. Se explica por una menor suba en alimentos y servicios, adem\u00e1s del componente estacional &nbsp; &nbsp; La inflaci\u00f3n de junio volver\u00eda a mostrar una leve desaceleraci\u00f3n con respecto al mes previo, seg\u00fan distintas consultoras privadas. As\u00ed, el dato de este mes ser\u00eda el m\u00e1s bajo desde febrero, hecho que se explica por diversos factores entre los que se destacan una menor suba en alimentos y regulados, como as\u00ed tambi\u00e9n un menor componente estacional. En ese marco, los&#8230;<\/p>\n","protected":false},"author":3,"featured_media":78634,"comment_status":"closed","ping_status":"closed","sticky":false,"template":"","format":"standard","meta":[],"categories":[2],"tags":[],"_links":{"self":[{"href":"https:\/\/www.actualidadadiario.com\/index.php\/wp-json\/wp\/v2\/posts\/103783"}],"collection":[{"href":"https:\/\/www.actualidadadiario.com\/index.php\/wp-json\/wp\/v2\/posts"}],"about":[{"href":"https:\/\/www.actualidadadiario.com\/index.php\/wp-json\/wp\/v2\/types\/post"}],"author":[{"embeddable":true,"href":"https:\/\/www.actualidadadiario.com\/index.php\/wp-json\/wp\/v2\/users\/3"}],"replies":[{"embeddable":true,"href":"https:\/\/www.actualidadadiario.com\/index.php\/wp-json\/wp\/v2\/comments?post=103783"}],"version-history":[{"count":1,"href":"https:\/\/www.actualidadadiario.com\/index.php\/wp-json\/wp\/v2\/posts\/103783\/revisions"}],"predecessor-version":[{"id":103784,"href":"https:\/\/www.actualidadadiario.com\/index.php\/wp-json\/wp\/v2\/posts\/103783\/revisions\/103784"}],"wp:featuredmedia":[{"embeddable":true,"href":"https:\/\/www.actualidadadiario.com\/index.php\/wp-json\/wp\/v2\/media\/78634"}],"wp:attachment":[{"href":"https:\/\/www.actualidadadiario.com\/index.php\/wp-json\/wp\/v2\/media?parent=103783"}],"wp:term":[{"taxonomy":"category","embeddable":true,"href":"https:\/\/www.actualidadadiario.com\/index.php\/wp-json\/wp\/v2\/categories?post=103783"},{"taxonomy":"post_tag","embeddable":true,"href":"https:\/\/www.actualidadadiario.com\/index.php\/wp-json\/wp\/v2\/tags?post=103783"}],"curies":[{"name":"wp","href":"https:\/\/api.w.org\/{rel}","templated":true}]}}