{"id":103780,"date":"2023-06-27T12:20:38","date_gmt":"2023-06-27T15:20:38","guid":{"rendered":"https:\/\/www.actualidadadiario.com\/?p=103780"},"modified":"2023-06-27T12:20:38","modified_gmt":"2023-06-27T15:20:38","slug":"unos-2-mil-camiones-quedaron-varados-por-el-cierre-temporal-del-paso-cristo-redentor","status":"publish","type":"post","link":"https:\/\/www.actualidadadiario.com\/index.php\/2023\/06\/27\/unos-2-mil-camiones-quedaron-varados-por-el-cierre-temporal-del-paso-cristo-redentor\/","title":{"rendered":"Unos 2 mil camiones quedaron varados por el cierre temporal del Paso Cristo Redentor"},"content":{"rendered":"<p style=\"text-align: center;\"><em><strong>Alertan que la situaci\u00f3n \u201ces grave\u201d debido al temporal de nieve y lluvia que destroz\u00f3 tramos de ruta del lado chileno<\/strong><\/em><\/p>\n<p>&nbsp;<\/p>\n<p>&nbsp;<\/p>\n<p>La Asociaci\u00f3n de Propietarios de Camiones de Mendoza (Aprocam) inform\u00f3 este lunes que hay unos 2.000 camiones varados en Mendoza debido al cierre transitorio del Paso Internacional Cristo Redentor, y agreg\u00f3 que \u201cla situaci\u00f3n es grave\u201d debido al temporal de nieve y lluvia de la \u00faltima semana que destroz\u00f3 tramos de ruta del lado chileno, donde se registraron desprendimientos que dejaron grandes rocas en medio de la carretera.<\/p>\n<p>\u201cNo podemos hacer nada, del lado argentino la ruta est\u00e1 despejada hasta la boca del t\u00fanel gracias al trabajo impecable que hizo Vialidad Nacional. Pero debemos esperar que se solucionen los inconvenientes en las rutas\u201d, explic\u00f3 Ricardo Squartini, presidente de Aprocam, entidad que nuclea a m\u00e1s de 350 empresas de transporte de cargas en Mendoza, que se encuentra asistiendo con alimentos y agua a los camiones varados en el ACI de Uspallata.<\/p>\n<p>\u201cLa ruta 60 que une Los Libertadores con Los Andes ha tenido problemas muy importantes, socavones, ca\u00edda de piedras de gran tama\u00f1o sobre la calzada, tienen que usar m\u00e1quinas para moverlas, y hasta que Chile no nos diga c\u00f3mo sigue esto, no queda m\u00e1s que aguardar\u201d, a\u00f1adi\u00f3.<\/p>\n<p>Es por eso que desde Aprocam se decidi\u00f3 sugerir a las empresas que tienen unidades en las terminales que las detengan y no env\u00eden a su personal a lugares donde no tienen los requisitos m\u00ednimos de confort.<\/p>\n<p>\u201cAl menos hasta que desde Chile nos den una comunicaci\u00f3n cierta\u201d, recalc\u00f3.<\/p>\n<p>Aprocam, gracias al convenio con la Federaci\u00f3n de Entidades Empresariales de Autotransporte de Cargas (Fadeeac), ya est\u00e1 asistiendo a los conductores en alta monta\u00f1a con alimentos y agua, tanto a los argentinos como a choferes de Brasil, Paraguay y Bolivia.<\/p>\n<p>Gendarmer\u00eda est\u00e1 siendo de gran ayuda con la cocina, para ir paliando la grave situaci\u00f3n, por lo que Squartini recalc\u00f3 que pese a las dificultades, todos los organismos est\u00e1n en sinton\u00eda.<\/p>\n<p>\u201cEstamos en comunicaci\u00f3n permanente con el coordinador Daniel Galdeano, con el delegado presidencial de Chile en Los Andes, que nos va manteniendo informados sobre la situaci\u00f3n sobre c\u00f3mo est\u00e1n trabajando del lado chileno\u201d, remarc\u00f3.<\/p>\n<p>\u201cLa propuesta es que sigamos trabajando en conjunto. El Gobierno viene cumpliendo hasta el momento, y provey\u00f3 ba\u00f1os qu\u00edmicos, agua y viandas a los choferes que est\u00e1n en Destiler\u00eda. Juntos estamos buscando una soluci\u00f3n. Tenemos que destacar el accionar de Vialidad Nacional que ha despejado del lado argentino hasta boca del t\u00fanel. S\u00f3lo esperamos la posibilidad del lado chileno\u201d, precis\u00f3 el dirigente empresario.<\/p>\n<p>Si bien los da\u00f1os en la ruta han sido cuantiosos, por fortuna en las zonas cr\u00edticas -desde Los Libertadores a Guardia Vieja en el lado chileno- no quedaron camiones, ya que la mayor\u00eda fueron bajados a Los Andes, y del lado argentino tampoco desde Uspallata a la boca del t\u00fanel.<\/p>\n","protected":false},"excerpt":{"rendered":"<p>Alertan que la situaci\u00f3n \u201ces grave\u201d debido al temporal de nieve y lluvia que destroz\u00f3 tramos de ruta del lado chileno &nbsp; &nbsp; La Asociaci\u00f3n de Propietarios de Camiones de Mendoza (Aprocam) inform\u00f3 este lunes que hay unos 2.000 camiones varados en Mendoza debido al cierre transitorio del Paso Internacional Cristo Redentor, y agreg\u00f3 que \u201cla situaci\u00f3n es grave\u201d debido al temporal de nieve y lluvia de la \u00faltima semana que destroz\u00f3 tramos de ruta del lado chileno, donde se registraron desprendimientos que dejaron grandes rocas en medio de la&#8230;<\/p>\n","protected":false},"author":3,"featured_media":103781,"comment_status":"closed","ping_status":"closed","sticky":false,"template":"","format":"standard","meta":[],"categories":[2],"tags":[],"_links":{"self":[{"href":"https:\/\/www.actualidadadiario.com\/index.php\/wp-json\/wp\/v2\/posts\/103780"}],"collection":[{"href":"https:\/\/www.actualidadadiario.com\/index.php\/wp-json\/wp\/v2\/posts"}],"about":[{"href":"https:\/\/www.actualidadadiario.com\/index.php\/wp-json\/wp\/v2\/types\/post"}],"author":[{"embeddable":true,"href":"https:\/\/www.actualidadadiario.com\/index.php\/wp-json\/wp\/v2\/users\/3"}],"replies":[{"embeddable":true,"href":"https:\/\/www.actualidadadiario.com\/index.php\/wp-json\/wp\/v2\/comments?post=103780"}],"version-history":[{"count":1,"href":"https:\/\/www.actualidadadiario.com\/index.php\/wp-json\/wp\/v2\/posts\/103780\/revisions"}],"predecessor-version":[{"id":103782,"href":"https:\/\/www.actualidadadiario.com\/index.php\/wp-json\/wp\/v2\/posts\/103780\/revisions\/103782"}],"wp:featuredmedia":[{"embeddable":true,"href":"https:\/\/www.actualidadadiario.com\/index.php\/wp-json\/wp\/v2\/media\/103781"}],"wp:attachment":[{"href":"https:\/\/www.actualidadadiario.com\/index.php\/wp-json\/wp\/v2\/media?parent=103780"}],"wp:term":[{"taxonomy":"category","embeddable":true,"href":"https:\/\/www.actualidadadiario.com\/index.php\/wp-json\/wp\/v2\/categories?post=103780"},{"taxonomy":"post_tag","embeddable":true,"href":"https:\/\/www.actualidadadiario.com\/index.php\/wp-json\/wp\/v2\/tags?post=103780"}],"curies":[{"name":"wp","href":"https:\/\/api.w.org\/{rel}","templated":true}]}}