{"id":103775,"date":"2023-06-26T15:28:05","date_gmt":"2023-06-26T18:28:05","guid":{"rendered":"https:\/\/www.actualidadadiario.com\/?p=103775"},"modified":"2023-06-26T15:28:05","modified_gmt":"2023-06-26T18:28:05","slug":"las-altas-temperaturas-sofocan-el-sur-de-espana","status":"publish","type":"post","link":"https:\/\/www.actualidadadiario.com\/index.php\/2023\/06\/26\/las-altas-temperaturas-sofocan-el-sur-de-espana\/","title":{"rendered":"Las altas temperaturas sofocan el sur de Espa\u00f1a"},"content":{"rendered":"<p style=\"text-align: center;\"><em><strong>Desde 2011 se han registrado seis olas de calor en junio, frente a solo cinco en los 35 a\u00f1os anteriores, seg\u00fan la AEMET<\/strong><\/em><\/p>\n<p>&nbsp;<\/p>\n<p>&nbsp;<\/p>\n<p>Zonas del sur de Espa\u00f1a como Sevilla y C\u00f3rdoba registraron el lunes temperaturas abrasadoras de hasta 44 grados cent\u00edgrados en la primera ola de calor del verano que azota el pa\u00eds de Europa, obligando a la gente a buscar refugio a la sombra para protegerse de un sol abrasador.<\/p>\n<p>Las olas de calor en junio se han hecho m\u00e1s frecuentes en los \u00faltimos a\u00f1os en Espa\u00f1a, como parte de un patr\u00f3n global de aumento de las temperaturas atribuido por la mayor\u00eda de los cient\u00edficos a la actividad humana. \u00abEn los \u00faltimos 12 a\u00f1os se ha triplicado la frecuencia de olas de calor en junio\u00bb, afirma Rub\u00e9n del Campo, portavoz de la Agencia Estatal de Meteorolog\u00eda espa\u00f1ola (AEMET).<\/p>\n<p>Desde 2011 se han registrado seis olas de calor en junio, frente a solo cinco en los 35 a\u00f1os anteriores, seg\u00fan la AEMET. Se espera que el fen\u00f3meno meteorol\u00f3gico se prolongue hasta el mi\u00e9rcoles, abarcando la regi\u00f3n meridional de Andaluc\u00eda, pero tambi\u00e9n Madrid, Extremadura y Castilla-La Mancha, donde los term\u00f3metros podr\u00edan alcanzar los 40-42\u00b0 C.<\/p>\n<p>\u00abFatal. Los ni\u00f1os tienen que venir aqu\u00ed a refrescarse porque no hay manera en casa\u00bb, dijo a Reuters en Madrid la ama de casa Elvira Mart\u00ednez, de 27 a\u00f1os, de pie junto a fuentes con chorros de agua junto al r\u00edo Manzanares. El calor estacional afect\u00f3 a gran parte de la pen\u00ednsula ib\u00e9rica en marzo y abril, unos meses que la ministra espa\u00f1ola para la Transici\u00f3n Ecol\u00f3gica, Teresa Ribera, calific\u00f3 de \u00abterror\u00edficos\u00bb.<\/p>\n<p>En algunas zonas del pa\u00eds se ha puesto en marcha un protocolo que proh\u00edbe algunos trabajos al aire libre en condiciones de calor extremo. \u00abYa tenemos hecho el protocolo de lo que es la ola de calor. Trabajamos solo siete horas: entramos a las siete y terminamos a las dos de la tarde\u00bb, dijo a Reuters en Madrid Reimundo P\u00e9rez, jardinero de 49 a\u00f1os, que procura trabajar a la sombra de los \u00e1rboles en la medida de lo posible.<\/p>\n","protected":false},"excerpt":{"rendered":"<p>Desde 2011 se han registrado seis olas de calor en junio, frente a solo cinco en los 35 a\u00f1os anteriores, seg\u00fan la AEMET &nbsp; &nbsp; Zonas del sur de Espa\u00f1a como Sevilla y C\u00f3rdoba registraron el lunes temperaturas abrasadoras de hasta 44 grados cent\u00edgrados en la primera ola de calor del verano que azota el pa\u00eds de Europa, obligando a la gente a buscar refugio a la sombra para protegerse de un sol abrasador. Las olas de calor en junio se han hecho m\u00e1s frecuentes en los \u00faltimos a\u00f1os en&#8230;<\/p>\n","protected":false},"author":3,"featured_media":100778,"comment_status":"closed","ping_status":"closed","sticky":false,"template":"","format":"standard","meta":[],"categories":[4],"tags":[],"_links":{"self":[{"href":"https:\/\/www.actualidadadiario.com\/index.php\/wp-json\/wp\/v2\/posts\/103775"}],"collection":[{"href":"https:\/\/www.actualidadadiario.com\/index.php\/wp-json\/wp\/v2\/posts"}],"about":[{"href":"https:\/\/www.actualidadadiario.com\/index.php\/wp-json\/wp\/v2\/types\/post"}],"author":[{"embeddable":true,"href":"https:\/\/www.actualidadadiario.com\/index.php\/wp-json\/wp\/v2\/users\/3"}],"replies":[{"embeddable":true,"href":"https:\/\/www.actualidadadiario.com\/index.php\/wp-json\/wp\/v2\/comments?post=103775"}],"version-history":[{"count":1,"href":"https:\/\/www.actualidadadiario.com\/index.php\/wp-json\/wp\/v2\/posts\/103775\/revisions"}],"predecessor-version":[{"id":103776,"href":"https:\/\/www.actualidadadiario.com\/index.php\/wp-json\/wp\/v2\/posts\/103775\/revisions\/103776"}],"wp:featuredmedia":[{"embeddable":true,"href":"https:\/\/www.actualidadadiario.com\/index.php\/wp-json\/wp\/v2\/media\/100778"}],"wp:attachment":[{"href":"https:\/\/www.actualidadadiario.com\/index.php\/wp-json\/wp\/v2\/media?parent=103775"}],"wp:term":[{"taxonomy":"category","embeddable":true,"href":"https:\/\/www.actualidadadiario.com\/index.php\/wp-json\/wp\/v2\/categories?post=103775"},{"taxonomy":"post_tag","embeddable":true,"href":"https:\/\/www.actualidadadiario.com\/index.php\/wp-json\/wp\/v2\/tags?post=103775"}],"curies":[{"name":"wp","href":"https:\/\/api.w.org\/{rel}","templated":true}]}}