{"id":103772,"date":"2023-06-26T15:26:55","date_gmt":"2023-06-26T18:26:55","guid":{"rendered":"https:\/\/www.actualidadadiario.com\/?p=103772"},"modified":"2023-06-26T15:26:55","modified_gmt":"2023-06-26T18:26:55","slug":"jefe-del-grupo-wagner-aseguro-que-no-querian-derrocar-al-gobierno-de-rusia","status":"publish","type":"post","link":"https:\/\/www.actualidadadiario.com\/index.php\/2023\/06\/26\/jefe-del-grupo-wagner-aseguro-que-no-querian-derrocar-al-gobierno-de-rusia\/","title":{"rendered":"Jefe del grupo Wagner asegur\u00f3 que \u00abno quer\u00edan derrocar al gobierno de Rusia\u00bb"},"content":{"rendered":"<p style=\"text-align: center;\"><em><strong>El l\u00edder de los mercenarios rusos, Yevgeny Prigozhin, asegur\u00f3 este lunes, en sus primeras declaraciones p\u00fablicas desde que puso fin el s\u00e1bado a un mot\u00edn de su grupo Wagner, que su intenci\u00f3n era protestar por la ineficaz conducci\u00f3n de la guerra en Ucrania, no derrocar al Gobierno de Rusia<\/strong><\/em><\/p>\n<p>&nbsp;<\/p>\n<p>&nbsp;<\/p>\n<p>En sus primeros comentarios p\u00fablicos desde que termin\u00f3 el mot\u00edn el s\u00e1bado por la noche, Prigozhin repiti\u00f3 su frecuente afirmaci\u00f3n de que Wagner era la fuerza de combate m\u00e1s eficaz en Rusia \u00abe incluso en el mundo\u00bb, y que avergonz\u00f3 a las unidades que Mosc\u00fa hab\u00eda enviado a Ucrania el 24 de febrero de 2022.<\/p>\n<p>Sostuvo que la forma en que pudo apoderarse de la ciudad de Rostov del Don, en el sur del pa\u00eds, sin derramamiento de sangre y evitar un enfrentamiento armado a menos de 200 kil\u00f3metros de Mosc\u00fa, es evidencia de la eficacia de sus combatientes.<\/p>\n<p>\u00abDimos una clase magistral, como debi\u00f3 haber sido el 24 de febrero de 2022. No ten\u00edamos el objetivo de derrocar al r\u00e9gimen existente y al Gobierno legalmente electo\u00bb, expres\u00f3, en un mensaje de audio de 11 minutos difundido por los medios de comunicaci\u00f3n, inform\u00f3 Reuters.<\/p>\n<p>Prigozhin insisti\u00f3 en su acusaci\u00f3n, hasta ahora sin pruebas, de que el Ej\u00e9rcito ruso hab\u00eda atacado un campamento de Wagner con misiles y luego helic\u00f3pteros, matando a unos 1.000 de sus hombres, y manifest\u00f3 que esto hab\u00eda sido el detonante inmediato de lo que llam\u00f3 una \u00abmarcha de la justicia\u00bb.<\/p>\n<p>&nbsp;<\/p>\n<p><strong>Evitar una masacre<\/strong><\/p>\n<p>Wagner detuvo su avance hacia Mosc\u00fa en el momento en que se dio cuenta de que tendr\u00eda que enfrentarse a las tropas rusas que esperaban y que inevitablemente habr\u00eda un ba\u00f1o de sangre, explic\u00f3 el jefe del grupo, reiterando una afirmaci\u00f3n que hizo el s\u00e1bado.<\/p>\n<p>Prigozhin, que sol\u00eda ser aliado cercano del presidente Vladimir Putin, hizo hincapi\u00e9 en que Wagner no derram\u00f3 una gota de sangre en terreno durante su marcha hacia el norte, pero lament\u00f3 que sus combatientes hayan tenido que matar a los soldados rusos que atacaron su caravana desde helic\u00f3pteros.<\/p>\n<p>Tambi\u00e9n se quej\u00f3 una vez m\u00e1s de una orden militar que indica que todas las unidades de voluntarios, incluida Wagner, deben presentarse a las autoridades antes del 1 de julio y ponerse bajo el control del Ministerio de Defensa de Rusia. Menos del 2% de los hombres de Wagner se han inscrito, agreg\u00f3 Prigozhin.<\/p>\n<p>\u00abEl objetivo de la marcha era evitar la destrucci\u00f3n de Wagner\u00bb, dijo. En la grabaci\u00f3n, Prigozhin no abord\u00f3 ninguna de las preguntas que a\u00fan rodean el acuerdo negociado por el presidente bielorruso, Alexander Lukashenko, que puso fin al mot\u00edn.<\/p>\n<p>El Kremlin dijo el s\u00e1bado que el acuerdo inclu\u00eda abandonar un caso penal contra Prigozhin y su mudanza a Bielorrusia. Prigozhin, quien fue visto por \u00faltima vez en p\u00fablico cuando sal\u00eda de Rostov del Don en un veh\u00edculo utilitario deportivo el s\u00e1bado por la noche, no dijo d\u00f3nde estaba cuando grab\u00f3 su declaraci\u00f3n.<\/p>\n","protected":false},"excerpt":{"rendered":"<p>El l\u00edder de los mercenarios rusos, Yevgeny Prigozhin, asegur\u00f3 este lunes, en sus primeras declaraciones p\u00fablicas desde que puso fin el s\u00e1bado a un mot\u00edn de su grupo Wagner, que su intenci\u00f3n era protestar por la ineficaz conducci\u00f3n de la guerra en Ucrania, no derrocar al Gobierno de Rusia &nbsp; &nbsp; En sus primeros comentarios p\u00fablicos desde que termin\u00f3 el mot\u00edn el s\u00e1bado por la noche, Prigozhin repiti\u00f3 su frecuente afirmaci\u00f3n de que Wagner era la fuerza de combate m\u00e1s eficaz en Rusia \u00abe incluso en el mundo\u00bb, y que&#8230;<\/p>\n","protected":false},"author":3,"featured_media":103773,"comment_status":"closed","ping_status":"closed","sticky":false,"template":"","format":"standard","meta":[],"categories":[4],"tags":[],"_links":{"self":[{"href":"https:\/\/www.actualidadadiario.com\/index.php\/wp-json\/wp\/v2\/posts\/103772"}],"collection":[{"href":"https:\/\/www.actualidadadiario.com\/index.php\/wp-json\/wp\/v2\/posts"}],"about":[{"href":"https:\/\/www.actualidadadiario.com\/index.php\/wp-json\/wp\/v2\/types\/post"}],"author":[{"embeddable":true,"href":"https:\/\/www.actualidadadiario.com\/index.php\/wp-json\/wp\/v2\/users\/3"}],"replies":[{"embeddable":true,"href":"https:\/\/www.actualidadadiario.com\/index.php\/wp-json\/wp\/v2\/comments?post=103772"}],"version-history":[{"count":1,"href":"https:\/\/www.actualidadadiario.com\/index.php\/wp-json\/wp\/v2\/posts\/103772\/revisions"}],"predecessor-version":[{"id":103774,"href":"https:\/\/www.actualidadadiario.com\/index.php\/wp-json\/wp\/v2\/posts\/103772\/revisions\/103774"}],"wp:featuredmedia":[{"embeddable":true,"href":"https:\/\/www.actualidadadiario.com\/index.php\/wp-json\/wp\/v2\/media\/103773"}],"wp:attachment":[{"href":"https:\/\/www.actualidadadiario.com\/index.php\/wp-json\/wp\/v2\/media?parent=103772"}],"wp:term":[{"taxonomy":"category","embeddable":true,"href":"https:\/\/www.actualidadadiario.com\/index.php\/wp-json\/wp\/v2\/categories?post=103772"},{"taxonomy":"post_tag","embeddable":true,"href":"https:\/\/www.actualidadadiario.com\/index.php\/wp-json\/wp\/v2\/tags?post=103772"}],"curies":[{"name":"wp","href":"https:\/\/api.w.org\/{rel}","templated":true}]}}