{"id":103764,"date":"2023-06-26T15:24:25","date_gmt":"2023-06-26T18:24:25","guid":{"rendered":"https:\/\/www.actualidadadiario.com\/?p=103764"},"modified":"2023-06-26T15:24:25","modified_gmt":"2023-06-26T18:24:25","slug":"chile-decreta-estado-de-catastrofe-en-varias-regiones-por-inundaciones","status":"publish","type":"post","link":"https:\/\/www.actualidadadiario.com\/index.php\/2023\/06\/26\/chile-decreta-estado-de-catastrofe-en-varias-regiones-por-inundaciones\/","title":{"rendered":"Chile decreta estado de cat\u00e1strofe en varias regiones por inundaciones"},"content":{"rendered":"<p style=\"text-align: center;\"><strong><em>El gobierno chileno determin\u00f3 la medida ante las peores lluvias desde el a\u00f1o 1993, que han provocado anegamientos y centenares de evacuados<\/em><\/strong><\/p>\n<p>&nbsp;<\/p>\n<p>&nbsp;<\/p>\n<p>&nbsp;<\/p>\n<p>El gobierno de Chile decret\u00f3 el estado de cat\u00e1strofe en varias regiones, por las inundaciones y el desborde de r\u00edos en el centro y el sur del pa\u00eds, informan medios locales.<\/p>\n<p>&#8220;Se ha decidido levantar un decreto de zona de cat\u00e1strofe en todas las regiones afectadas, desde Valpara\u00edso hasta el Biob\u00edo&#8221;, explic\u00f3 la ministra del Interior, Carolina Toh\u00e1, detallando que se trata de las lluvias m\u00e1s intensas desde 1993. &#8220;Eso permite que una vez que los recursos de emergencia que est\u00e1n previstos se hayan gastado, se pueda recurrir a recursos adicionales&#8221;, a\u00f1adi\u00f3.<\/p>\n<p>En este sentido, indic\u00f3 que el estado de cat\u00e1strofe permite agilizar ciertos procesos administrativos, especialmente despu\u00e9s de que los primeros fondos de los que se disponen para atender a la emergencia empiecen a ser insuficientes.<\/p>\n<p>Asimismo, Toh\u00e1 precis\u00f3 que, a diferencia de lo que ocurre con el estado de excepci\u00f3n, en este caso no se nombra un jefe de la Defensa Nacional ni tampoco genera una situaci\u00f3n distinta del despliegue de las Fuerzas Armadas.<\/p>\n<p>&nbsp;<\/p>\n<p><strong>Damnificados<\/strong><\/p>\n<p>De acuerdo con el \u00faltimo balance nacional del Servicio Nacional de Prevenci\u00f3n y Respuesta ante Desastres (Senapred), 419 personas se encuentran damnificadas, 1.002 se ubican en albergues, y se reportan tres desaparecidos. Asimismo, 253 viviendas resultaron afectadas, 99 de ellas con da\u00f1o mayor, mientras que 2.759 personas quedaron aisladas.<\/p>\n<p>La ministra del Interior chilena tambi\u00e9n explic\u00f3 que se contin\u00faa trabajando en todas las regiones afectadas por la emergencia, especialmente para hallar a los desaparecidos y rescatar a los que se encuentran aislados por culpa del agua. En este sentido, pidi\u00f3 que se respete la evacuaci\u00f3n en las zonas indicadas por el Senapred.<\/p>\n<p>Por su parte, el presidente de Chile, Gabriel Boric, se desplaz\u00f3 a Talagante y convers\u00f3 con los vecinos afectados por el desborde del r\u00edo Maipo. &#8220;No los vamos a dejar solos, vamos a enfrentar en conjunto la emergencia con todo el Estado&#8221;, asever\u00f3 ante la prensa tras la visita.<\/p>\n","protected":false},"excerpt":{"rendered":"<p>El gobierno chileno determin\u00f3 la medida ante las peores lluvias desde el a\u00f1o 1993, que han provocado anegamientos y centenares de evacuados &nbsp; &nbsp; &nbsp; El gobierno de Chile decret\u00f3 el estado de cat\u00e1strofe en varias regiones, por las inundaciones y el desborde de r\u00edos en el centro y el sur del pa\u00eds, informan medios locales. &#8220;Se ha decidido levantar un decreto de zona de cat\u00e1strofe en todas las regiones afectadas, desde Valpara\u00edso hasta el Biob\u00edo&#8221;, explic\u00f3 la ministra del Interior, Carolina Toh\u00e1, detallando que se trata de las lluvias&#8230;<\/p>\n","protected":false},"author":3,"featured_media":103765,"comment_status":"closed","ping_status":"closed","sticky":false,"template":"","format":"standard","meta":[],"categories":[4],"tags":[],"_links":{"self":[{"href":"https:\/\/www.actualidadadiario.com\/index.php\/wp-json\/wp\/v2\/posts\/103764"}],"collection":[{"href":"https:\/\/www.actualidadadiario.com\/index.php\/wp-json\/wp\/v2\/posts"}],"about":[{"href":"https:\/\/www.actualidadadiario.com\/index.php\/wp-json\/wp\/v2\/types\/post"}],"author":[{"embeddable":true,"href":"https:\/\/www.actualidadadiario.com\/index.php\/wp-json\/wp\/v2\/users\/3"}],"replies":[{"embeddable":true,"href":"https:\/\/www.actualidadadiario.com\/index.php\/wp-json\/wp\/v2\/comments?post=103764"}],"version-history":[{"count":1,"href":"https:\/\/www.actualidadadiario.com\/index.php\/wp-json\/wp\/v2\/posts\/103764\/revisions"}],"predecessor-version":[{"id":103766,"href":"https:\/\/www.actualidadadiario.com\/index.php\/wp-json\/wp\/v2\/posts\/103764\/revisions\/103766"}],"wp:featuredmedia":[{"embeddable":true,"href":"https:\/\/www.actualidadadiario.com\/index.php\/wp-json\/wp\/v2\/media\/103765"}],"wp:attachment":[{"href":"https:\/\/www.actualidadadiario.com\/index.php\/wp-json\/wp\/v2\/media?parent=103764"}],"wp:term":[{"taxonomy":"category","embeddable":true,"href":"https:\/\/www.actualidadadiario.com\/index.php\/wp-json\/wp\/v2\/categories?post=103764"},{"taxonomy":"post_tag","embeddable":true,"href":"https:\/\/www.actualidadadiario.com\/index.php\/wp-json\/wp\/v2\/tags?post=103764"}],"curies":[{"name":"wp","href":"https:\/\/api.w.org\/{rel}","templated":true}]}}