{"id":103759,"date":"2023-06-26T15:05:53","date_gmt":"2023-06-26T18:05:53","guid":{"rendered":"https:\/\/www.actualidadadiario.com\/?p=103759"},"modified":"2023-06-26T15:05:53","modified_gmt":"2023-06-26T18:05:53","slug":"afip-insto-a-150-000-contribuyentes-a-registrar-a-sus-empleadas-domesticas","status":"publish","type":"post","link":"https:\/\/www.actualidadadiario.com\/index.php\/2023\/06\/26\/afip-insto-a-150-000-contribuyentes-a-registrar-a-sus-empleadas-domesticas\/","title":{"rendered":"AFIP inst\u00f3 a 150.000 contribuyentes a registrar a sus empleadas dom\u00e9sticas"},"content":{"rendered":"<p style=\"text-align: center;\"><em><strong>Se trata de una nueva campa\u00f1a de inducci\u00f3n cuyo objetivo es el ingreso al empleo formal del personal de este sector, que en la actualidad presenta altos niveles de informalidad<\/strong><\/em><\/p>\n<p>&nbsp;<\/p>\n<p>&nbsp;<\/p>\n<p>La Administraci\u00f3n Federal de Ingresos P\u00fablicos (AFIP) notific\u00f3 a m\u00e1s de 149.000 contribuyentes que por su nivel de ingresos re\u00fanen condiciones para ser empleadores de personal de casas particulares.<\/p>\n<p>Se trata de una nueva campa\u00f1a de inducci\u00f3n cuyo objetivo es el ingreso al empleo formal del personal de este sector, que en la actualidad presenta altos niveles de informalidad.<\/p>\n<p>De acuerdo a los datos obrantes en las bases de la AFIP, el organismo notific\u00f3 a ciertos contribuyentes que por su actividad econ\u00f3mica podr\u00edan ser empleadores\/as de personal que realiza tareas de limpieza, cuidado de personas y otras de tipo dom\u00e9stico, pero que en la actualidad no registran el alta de ninguna trabajadora o trabajador.<\/p>\n<p>Cabe destacar que el R\u00e9gimen Especial de Contrato de Trabajo para el Personal de Casas Particulares, del que este a\u00f1o se cumplen 10 a\u00f1os de vigencia, garantiza derechos laborales como vacaciones, aguinaldo, aportes jubilatorios o ART para los\/as trabajadores\/as que se desempe\u00f1an en el \u00e1mbito dom\u00e9stico.<\/p>\n<p>Adem\u00e1s, la correcta registraci\u00f3n es compatible con la percepci\u00f3n de los beneficios de las pol\u00edticas sociales como la Asignaci\u00f3n Universal por Hijo, la Asignaci\u00f3n Universal por Embarazo, la Tarjeta Alimentar, y programas como el Potenciar Trabajo, el Progresar o la tarifa especial en el transporte p\u00fablico.<\/p>\n<p>Es obligaci\u00f3n de las y los empleadores registrar la relaci\u00f3n laboral; la falta de pago de las contribuciones impide que las trabajadoras accedan a una obra social, jubilaci\u00f3n, ART, adem\u00e1s de constituir una conducta que puede ser objeto de sanciones y multas. Con estas acciones de fiscalizaci\u00f3n, la AFIP avanza en forma decidida en la lucha contra el trabajo informal y en pos de una sociedad m\u00e1s justa. Quienes deban registrar a la trabajadora o trabajador pueden encontrar m\u00e1s informaci\u00f3n en https:\/\/casasparticulares.afip.gob.ar\/default.aspx<\/p>\n<p>Adem\u00e1s, contin\u00faa abierta la inscripci\u00f3n al Programa Registradas que consiste en la transferencia de una suma del 50% del salario, por parte del Estado nacional, durante:<\/p>\n<ul>\n<li>8 meses cuando se trate de poblaciones priorizadas y\/o titulares de programas de inclusi\u00f3n laboral, siendo estos: &#8211; Persona travesti, transexual o transg\u00e9nero &#8211; Es o fue titular del &#8220;Programa Acompa\u00f1ar&#8221; &#8211; Persona con discapacidad &#8211; Persona con hija o hijo con discapacidad<\/li>\n<li>6 meses para el resto de trabajadoras<\/li>\n<\/ul>\n","protected":false},"excerpt":{"rendered":"<p>Se trata de una nueva campa\u00f1a de inducci\u00f3n cuyo objetivo es el ingreso al empleo formal del personal de este sector, que en la actualidad presenta altos niveles de informalidad &nbsp; &nbsp; La Administraci\u00f3n Federal de Ingresos P\u00fablicos (AFIP) notific\u00f3 a m\u00e1s de 149.000 contribuyentes que por su nivel de ingresos re\u00fanen condiciones para ser empleadores de personal de casas particulares. Se trata de una nueva campa\u00f1a de inducci\u00f3n cuyo objetivo es el ingreso al empleo formal del personal de este sector, que en la actualidad presenta altos niveles de&#8230;<\/p>\n","protected":false},"author":3,"featured_media":89188,"comment_status":"closed","ping_status":"closed","sticky":false,"template":"","format":"standard","meta":[],"categories":[2],"tags":[],"_links":{"self":[{"href":"https:\/\/www.actualidadadiario.com\/index.php\/wp-json\/wp\/v2\/posts\/103759"}],"collection":[{"href":"https:\/\/www.actualidadadiario.com\/index.php\/wp-json\/wp\/v2\/posts"}],"about":[{"href":"https:\/\/www.actualidadadiario.com\/index.php\/wp-json\/wp\/v2\/types\/post"}],"author":[{"embeddable":true,"href":"https:\/\/www.actualidadadiario.com\/index.php\/wp-json\/wp\/v2\/users\/3"}],"replies":[{"embeddable":true,"href":"https:\/\/www.actualidadadiario.com\/index.php\/wp-json\/wp\/v2\/comments?post=103759"}],"version-history":[{"count":1,"href":"https:\/\/www.actualidadadiario.com\/index.php\/wp-json\/wp\/v2\/posts\/103759\/revisions"}],"predecessor-version":[{"id":103760,"href":"https:\/\/www.actualidadadiario.com\/index.php\/wp-json\/wp\/v2\/posts\/103759\/revisions\/103760"}],"wp:featuredmedia":[{"embeddable":true,"href":"https:\/\/www.actualidadadiario.com\/index.php\/wp-json\/wp\/v2\/media\/89188"}],"wp:attachment":[{"href":"https:\/\/www.actualidadadiario.com\/index.php\/wp-json\/wp\/v2\/media?parent=103759"}],"wp:term":[{"taxonomy":"category","embeddable":true,"href":"https:\/\/www.actualidadadiario.com\/index.php\/wp-json\/wp\/v2\/categories?post=103759"},{"taxonomy":"post_tag","embeddable":true,"href":"https:\/\/www.actualidadadiario.com\/index.php\/wp-json\/wp\/v2\/tags?post=103759"}],"curies":[{"name":"wp","href":"https:\/\/api.w.org\/{rel}","templated":true}]}}