{"id":103757,"date":"2023-06-26T15:04:52","date_gmt":"2023-06-26T18:04:52","guid":{"rendered":"https:\/\/www.actualidadadiario.com\/?p=103757"},"modified":"2023-06-26T15:04:52","modified_gmt":"2023-06-26T18:04:52","slug":"fijan-fechas-de-inscripcion-para-el-repro-correspondiente-al-segundo-semestre","status":"publish","type":"post","link":"https:\/\/www.actualidadadiario.com\/index.php\/2023\/06\/26\/fijan-fechas-de-inscripcion-para-el-repro-correspondiente-al-segundo-semestre\/","title":{"rendered":"Fijan fechas de inscripci\u00f3n para el Repro correspondiente al segundo semestre"},"content":{"rendered":"<p style=\"text-align: center;\"><em><strong>En el anexo de la norma se determinaron las fechas de inscripci\u00f3n, de facturaci\u00f3n y de n\u00f3mina (F-931), los cortes de actualizaci\u00f3n de CBU (Clave Bancaria Universal) y los de bajas en n\u00f3mina<\/strong><\/em><\/p>\n<p>&nbsp;<\/p>\n<p>&nbsp;<\/p>\n<p>El Ministerio de Trabajo estableci\u00f3 las fechas de inscripci\u00f3n para el segundo semestre de 2023 para los beneficiarios del Programa de Recuperaci\u00f3n y Sostenimiento Productivo (Repro), mediante la resoluci\u00f3n 729\/2023, publicada hoy en el Bolet\u00edn Oficial.<\/p>\n<p>De esa forma, para los haberes devengados en julio, el per\u00edodo de inscripci\u00f3n ser\u00e1 del 24 al 28 de ese mes, los cortes de actualizaci\u00f3n de CBU y de bajas en n\u00f3mina hasta el 22 y el per\u00edodo de facturaci\u00f3n comprendido entre mayo de 2022 y mayo de este a\u00f1o.<\/p>\n<p>En el caso de los salarios devengados en agosto, la inscripci\u00f3n ser\u00e1 del 21 al 25, los cortes hasta el 19 y el per\u00edodo de facturaci\u00f3n de julio de 2022 al mismo mes de 2023.<\/p>\n<p>Los haberes devengados en octubre tendr\u00e1n como fecha de inscripci\u00f3n el per\u00edodo comprendido entre el 23 y el 27 de ese mes, los cortes hasta el s\u00e1bado 21 y el per\u00edodo de facturaci\u00f3n entre septiembre del a\u00f1o pasado y de 2023.<\/p>\n<p>Para los sueldos devengados en noviembre, el per\u00edodo de inscripci\u00f3n ser\u00e1 entre el 22 y el 28, los cortes hasta el lunes 20 y el lapso de facturaci\u00f3n entre octubre de 2022 y el presente a\u00f1o.<\/p>\n<p>Por \u00faltimo, para los salarios devengados en diciembre, la inscripci\u00f3n ser\u00e1 entre el 22 y el 29, los cortes hasta el mi\u00e9rcoles 20 y se tomar\u00e1 en cuenta la facturaci\u00f3n entre noviembre de 2022 y el mismo mes de 2023.El Repro fue creado el 18 de abril de 2022 mediante la resoluci\u00f3n 420, en reemplazo del Programa de Recuperaci\u00f3n Productiva (del que conserv\u00f3 la sigla que lo identifica) y tiene por objeto establecer un subsidio a la n\u00f3mina salarial de las empresas, consistente en una asignaci\u00f3n dineraria individual a abonar a los empleados, a cuenta del pago de las remuneraciones a cargo de los sujetos empleadores adheridos.<\/p>\n","protected":false},"excerpt":{"rendered":"<p>En el anexo de la norma se determinaron las fechas de inscripci\u00f3n, de facturaci\u00f3n y de n\u00f3mina (F-931), los cortes de actualizaci\u00f3n de CBU (Clave Bancaria Universal) y los de bajas en n\u00f3mina &nbsp; &nbsp; El Ministerio de Trabajo estableci\u00f3 las fechas de inscripci\u00f3n para el segundo semestre de 2023 para los beneficiarios del Programa de Recuperaci\u00f3n y Sostenimiento Productivo (Repro), mediante la resoluci\u00f3n 729\/2023, publicada hoy en el Bolet\u00edn Oficial. De esa forma, para los haberes devengados en julio, el per\u00edodo de inscripci\u00f3n ser\u00e1 del 24 al 28 de&#8230;<\/p>\n","protected":false},"author":3,"featured_media":79231,"comment_status":"closed","ping_status":"closed","sticky":false,"template":"","format":"standard","meta":[],"categories":[2],"tags":[],"_links":{"self":[{"href":"https:\/\/www.actualidadadiario.com\/index.php\/wp-json\/wp\/v2\/posts\/103757"}],"collection":[{"href":"https:\/\/www.actualidadadiario.com\/index.php\/wp-json\/wp\/v2\/posts"}],"about":[{"href":"https:\/\/www.actualidadadiario.com\/index.php\/wp-json\/wp\/v2\/types\/post"}],"author":[{"embeddable":true,"href":"https:\/\/www.actualidadadiario.com\/index.php\/wp-json\/wp\/v2\/users\/3"}],"replies":[{"embeddable":true,"href":"https:\/\/www.actualidadadiario.com\/index.php\/wp-json\/wp\/v2\/comments?post=103757"}],"version-history":[{"count":1,"href":"https:\/\/www.actualidadadiario.com\/index.php\/wp-json\/wp\/v2\/posts\/103757\/revisions"}],"predecessor-version":[{"id":103758,"href":"https:\/\/www.actualidadadiario.com\/index.php\/wp-json\/wp\/v2\/posts\/103757\/revisions\/103758"}],"wp:featuredmedia":[{"embeddable":true,"href":"https:\/\/www.actualidadadiario.com\/index.php\/wp-json\/wp\/v2\/media\/79231"}],"wp:attachment":[{"href":"https:\/\/www.actualidadadiario.com\/index.php\/wp-json\/wp\/v2\/media?parent=103757"}],"wp:term":[{"taxonomy":"category","embeddable":true,"href":"https:\/\/www.actualidadadiario.com\/index.php\/wp-json\/wp\/v2\/categories?post=103757"},{"taxonomy":"post_tag","embeddable":true,"href":"https:\/\/www.actualidadadiario.com\/index.php\/wp-json\/wp\/v2\/tags?post=103757"}],"curies":[{"name":"wp","href":"https:\/\/api.w.org\/{rel}","templated":true}]}}