{"id":10375,"date":"2017-04-21T09:54:57","date_gmt":"2017-04-21T12:54:57","guid":{"rendered":"http:\/\/actualidadadiario.com\/site\/?p=10375"},"modified":"2017-04-21T09:54:57","modified_gmt":"2017-04-21T12:54:57","slug":"el-autor-del-tiroteo-habia-sido-condenado-por-intentar-matar-a-policias","status":"publish","type":"post","link":"https:\/\/www.actualidadadiario.com\/index.php\/2017\/04\/21\/el-autor-del-tiroteo-habia-sido-condenado-por-intentar-matar-a-policias\/","title":{"rendered":"El autor del tiroteo hab\u00eda sido condenado por intentar matar a polic\u00edas"},"content":{"rendered":"<p><em><strong>El hombre que mat\u00f3 a un polic\u00eda e hiri\u00f3 a otros dos antes de ser abatido por las fuerzas del orden este jueves en Par\u00eds era objeto de una investigaci\u00f3n antiterrorista y hab\u00eda estado preso por intentar matar a polic\u00edas, seg\u00fan fuentes judiciales<\/strong><\/em><\/p>\n<p>&nbsp;<\/p>\n<p>&nbsp;<\/p>\n<p>&nbsp;<\/p>\n<p>&nbsp;<\/p>\n<p>El hombre era objeto de una investigaci\u00f3n antiterrorista y hab\u00eda estado preso por intentar matar a polic\u00edas, seg\u00fan fuentes judiciales.<\/p>\n<p>&nbsp;<\/p>\n<p>El atentado fue reivindicado en un comunicado por la organizaci\u00f3n yihadista Estado Isl\u00e1mico.<\/p>\n<p>&nbsp;<\/p>\n<p>El autor hab\u00eda sido condenado en febrero de 2005 a quince a\u00f1os de c\u00e1rcel por tres tentativas de homicidio intencional, dos de ellos contra polic\u00edas.<\/p>\n<p>&nbsp;<\/p>\n<p>Los hechos se originaron en una persecuci\u00f3n en 2001. En momentos en que circulaba en un autom\u00f3vil robado y armado con un rev\u00f3lver, choc\u00f3 contra un veh\u00edculo en cuyo interior hab\u00eda un alumno de la escuela de polic\u00eda.<\/p>\n<p>&nbsp;<\/p>\n<p>El hombre huy\u00f3 caminando antes de ser alcanzado por el conductor del veh\u00edculo chocado y de su hermano aspirante a polic\u00eda. El individuo efectu\u00f3 dos disparos, hiriendo a ambos en el t\u00f3rax antes de ser detenido. Dos d\u00edas m\u00e1s tarde hiri\u00f3 gravemente a un polic\u00eda a la salida de su celda tras arrebatarle el arma, abriendo fuego reiteradamente.<\/p>\n<p>&nbsp;<\/p>\n<p>Los allanamientos e investigaciones en curso buscaban establecer &#8220;si tuvo o no c\u00f3mplices&#8221;, dijo Molins, que dar\u00e1 una rueda de prensa el viernes.<\/p>\n<p>&nbsp;<\/p>\n<p>En declaraciones a la prensa, el portavoz del Ministerio franc\u00e9s del Interior, Pierre-Henri Brandet se\u00f1al\u00f3 que el autor dispar\u00f3 &#8220;deliberadamente&#8221; contra un agente que se encontraba en un furg\u00f3n policial y, posteriormente, trat\u00f3 de matar a otros compa\u00f1eros que estaban en la calle.<\/p>\n<p>&nbsp;<\/p>\n<p>Brandet indic\u00f3 que el asaltante utiliz\u00f3 un &#8220;arma autom\u00e1tica de guerra&#8221;, aunque no confirm\u00f3 los testimonios de algunas personas que se\u00f1alaban que se trataba de un Kalashnikov.<\/p>\n<p>&nbsp;<\/p>\n<p>Se\u00f1al\u00f3 que los dos agentes est\u00e1n &#8220;gravemente heridos&#8221; y hospitalizados, pero neg\u00f3 las informaciones que apuntaban que uno de ellos hab\u00eda muerto.<\/p>\n<p>&nbsp;<\/p>\n<p>El portavoz se neg\u00f3 a dar el nombre, pero los yihadistas del Estado Isl\u00e1mico, quienes se adjudicaron el ataque, identificaron al agresor como Abu Yusuf al-Beljiki, alias &#8220;el belga&#8221;.<\/p>\n","protected":false},"excerpt":{"rendered":"<p>El hombre que mat\u00f3 a un polic\u00eda e hiri\u00f3 a otros dos antes de ser abatido por las fuerzas del orden este jueves en Par\u00eds era objeto de una investigaci\u00f3n antiterrorista y hab\u00eda estado preso por intentar matar a polic\u00edas, seg\u00fan fuentes judiciales &nbsp; &nbsp; &nbsp; &nbsp; El hombre era objeto de una investigaci\u00f3n antiterrorista y hab\u00eda estado preso por intentar matar a polic\u00edas, seg\u00fan fuentes judiciales. &nbsp; El atentado fue reivindicado en un comunicado por la organizaci\u00f3n yihadista Estado Isl\u00e1mico. &nbsp; El autor hab\u00eda sido condenado en febrero de&#8230;<\/p>\n","protected":false},"author":3,"featured_media":10376,"comment_status":"closed","ping_status":"closed","sticky":false,"template":"","format":"standard","meta":[],"categories":[4],"tags":[],"_links":{"self":[{"href":"https:\/\/www.actualidadadiario.com\/index.php\/wp-json\/wp\/v2\/posts\/10375"}],"collection":[{"href":"https:\/\/www.actualidadadiario.com\/index.php\/wp-json\/wp\/v2\/posts"}],"about":[{"href":"https:\/\/www.actualidadadiario.com\/index.php\/wp-json\/wp\/v2\/types\/post"}],"author":[{"embeddable":true,"href":"https:\/\/www.actualidadadiario.com\/index.php\/wp-json\/wp\/v2\/users\/3"}],"replies":[{"embeddable":true,"href":"https:\/\/www.actualidadadiario.com\/index.php\/wp-json\/wp\/v2\/comments?post=10375"}],"version-history":[{"count":1,"href":"https:\/\/www.actualidadadiario.com\/index.php\/wp-json\/wp\/v2\/posts\/10375\/revisions"}],"predecessor-version":[{"id":10377,"href":"https:\/\/www.actualidadadiario.com\/index.php\/wp-json\/wp\/v2\/posts\/10375\/revisions\/10377"}],"wp:featuredmedia":[{"embeddable":true,"href":"https:\/\/www.actualidadadiario.com\/index.php\/wp-json\/wp\/v2\/media\/10376"}],"wp:attachment":[{"href":"https:\/\/www.actualidadadiario.com\/index.php\/wp-json\/wp\/v2\/media?parent=10375"}],"wp:term":[{"taxonomy":"category","embeddable":true,"href":"https:\/\/www.actualidadadiario.com\/index.php\/wp-json\/wp\/v2\/categories?post=10375"},{"taxonomy":"post_tag","embeddable":true,"href":"https:\/\/www.actualidadadiario.com\/index.php\/wp-json\/wp\/v2\/tags?post=10375"}],"curies":[{"name":"wp","href":"https:\/\/api.w.org\/{rel}","templated":true}]}}