{"id":103749,"date":"2023-06-26T13:55:37","date_gmt":"2023-06-26T16:55:37","guid":{"rendered":"https:\/\/www.actualidadadiario.com\/?p=103749"},"modified":"2023-06-26T13:55:37","modified_gmt":"2023-06-26T16:55:37","slug":"massa-se-reunio-con-el-equipo-economico-y-pidio-fortalecer-la-gestion","status":"publish","type":"post","link":"https:\/\/www.actualidadadiario.com\/index.php\/2023\/06\/26\/massa-se-reunio-con-el-equipo-economico-y-pidio-fortalecer-la-gestion\/","title":{"rendered":"Massa se reuni\u00f3 con el equipo econ\u00f3mico y pidi\u00f3 fortalecer la gesti\u00f3n"},"content":{"rendered":"<p style=\"text-align: center;\"><em><strong>El ahora candidato a presidente por Uni\u00f3n por la Patria pidi\u00f3 redoblar esfuerzos para acercarse a todos los sectores<\/strong><\/em><\/p>\n<p>&nbsp;<\/p>\n<p>&nbsp;<\/p>\n<p>El ministro de Econom\u00eda, Sergio Massa, encabez\u00f3 este lunes una reuni\u00f3n en el Palacio de Hacienda junto al equipo econ\u00f3mico, en el que solicit\u00f3 mantener el foco en la gesti\u00f3n y en medidas destinadas a generar mayor alivio fiscal y desarrollo econ\u00f3mico.<\/p>\n<p>Participaron en el encuentro los secretarios de Pol\u00edtica Econ\u00f3mica, Gabriel Rubinstein; de Industria y Desarrollo Productivo, Jos\u00e9 Ignacio de Mendiguren; de Finanzas, Eduardo Setti; de Agricultura, Ganader\u00eda y Pesca, Juan Jos\u00e9 Bahillo; de Hacienda, Ra\u00fal Rigo; de Legal y Administrativa, Ricardo Casal; de Energ\u00eda, Flavia Royon; de Comercio, Mat\u00edas Tombolini; de Miner\u00eda, Fernanda \u00c1vila; de Asuntos Econ\u00f3micos Financieros Internacionales, Marco Lavagna; de Planificaci\u00f3n del Desarrollo y la Competitividad Federal, Jorge Neme; y de Econom\u00eda del Conocimiento, Juan Manuel Cheppi.<\/p>\n<p>Tambi\u00e9n estuvieron presentes el Jefe de Asesores, Leonardo Madcur; el titular de Aduana, Guillermo Michel; el Vicepresidente del Banco Central de la Rep\u00fablica Argentina, Lisandro Cleri; el subsecretario de Pol\u00edtica y Gesti\u00f3n Comercial, Germ\u00e1n Cervantes; de Acciones para la Defensa de las y los Consumidores, Lucila Bueti; de An\u00e1lisis y Planificaci\u00f3n Productiva, Gabriel Vienni; y de Pol\u00edticas para el Mercado Interno, Gustavo Faskowicz; y el Jefe de Gabinete de Asesores de Agricultura, Juan Manuel Fern\u00e1ndez Arocena.<\/p>\n<p>Antes de ingresar al encuentro, Setti revel\u00f3 que conf\u00edan en cerrar esta semana el acuerdo con el Fondo Monetario Internacional (FMI) antes del vencimiento por US$2.700 millones que deben pagarse el pr\u00f3ximo viernes 30 de junio.<\/p>\n<p>\u201cConfiamos en que esta semana cerraremos el acuerdo\u201d, manifest\u00f3 Setti, quien revel\u00f3 que hubo reuniones durante todo el fin de semana para lograr avances.<\/p>\n<p>No obstante, el funcionario se\u00f1al\u00f3 que a\u00fan no hay fecha confirmada para que el viaje de Massa a Estados Unidos para la firma del nuevo programa.<\/p>\n<p>\u201cNo tenemos definido el viaje, incluso se trabaj\u00f3 hasta anoche. No creo que se cierre hoy pero se va a seguir trabajando durante toda la semana. Vamos a viajar cuando est\u00e9 listo. Somos muy optimistas\u201d, reiter\u00f3.<\/p>\n<p>Por su parte, la secretaria de Energ\u00eda, Flavia Roy\u00f3n, asegur\u00f3 que \u201cla orden de Massa es la gesti\u00f3n\u201d.<\/p>\n<p>&#8220;Estamos enfocados en el llenado del Gasoducto N\u00e9stor Kirchner, en las 19 obras de transporte el\u00e9ctrico que estamos realizando en 13 provincias. Hac\u00eda 8 a\u00f1os que no se realizaban obras de energ\u00eda el\u00e9ctrica de gran envergadura, y nosotros vamos a dejar construidos y licitados casi 5.000 km de l\u00edneas de alta tensi\u00f3n.&#8221; declar\u00f3 Roy\u00f3n.<\/p>\n<p>A su vez, destac\u00f3 el rol comprometido del ministro en la realizaci\u00f3n y puesta en marcha de las obras que lleva a cabo la Secretar\u00eda: &#8220;Uno de los grandes capitales del ministro es su liderazgo pol\u00edtico. La obra del Gasoducto demuestra su capacidad de gesti\u00f3n y su liderazgo pol\u00edtico&#8221;.<\/p>\n","protected":false},"excerpt":{"rendered":"<p>El ahora candidato a presidente por Uni\u00f3n por la Patria pidi\u00f3 redoblar esfuerzos para acercarse a todos los sectores &nbsp; &nbsp; El ministro de Econom\u00eda, Sergio Massa, encabez\u00f3 este lunes una reuni\u00f3n en el Palacio de Hacienda junto al equipo econ\u00f3mico, en el que solicit\u00f3 mantener el foco en la gesti\u00f3n y en medidas destinadas a generar mayor alivio fiscal y desarrollo econ\u00f3mico. Participaron en el encuentro los secretarios de Pol\u00edtica Econ\u00f3mica, Gabriel Rubinstein; de Industria y Desarrollo Productivo, Jos\u00e9 Ignacio de Mendiguren; de Finanzas, Eduardo Setti; de Agricultura, Ganader\u00eda&#8230;<\/p>\n","protected":false},"author":3,"featured_media":103750,"comment_status":"closed","ping_status":"closed","sticky":false,"template":"","format":"standard","meta":[],"categories":[18],"tags":[],"_links":{"self":[{"href":"https:\/\/www.actualidadadiario.com\/index.php\/wp-json\/wp\/v2\/posts\/103749"}],"collection":[{"href":"https:\/\/www.actualidadadiario.com\/index.php\/wp-json\/wp\/v2\/posts"}],"about":[{"href":"https:\/\/www.actualidadadiario.com\/index.php\/wp-json\/wp\/v2\/types\/post"}],"author":[{"embeddable":true,"href":"https:\/\/www.actualidadadiario.com\/index.php\/wp-json\/wp\/v2\/users\/3"}],"replies":[{"embeddable":true,"href":"https:\/\/www.actualidadadiario.com\/index.php\/wp-json\/wp\/v2\/comments?post=103749"}],"version-history":[{"count":1,"href":"https:\/\/www.actualidadadiario.com\/index.php\/wp-json\/wp\/v2\/posts\/103749\/revisions"}],"predecessor-version":[{"id":103751,"href":"https:\/\/www.actualidadadiario.com\/index.php\/wp-json\/wp\/v2\/posts\/103749\/revisions\/103751"}],"wp:featuredmedia":[{"embeddable":true,"href":"https:\/\/www.actualidadadiario.com\/index.php\/wp-json\/wp\/v2\/media\/103750"}],"wp:attachment":[{"href":"https:\/\/www.actualidadadiario.com\/index.php\/wp-json\/wp\/v2\/media?parent=103749"}],"wp:term":[{"taxonomy":"category","embeddable":true,"href":"https:\/\/www.actualidadadiario.com\/index.php\/wp-json\/wp\/v2\/categories?post=103749"},{"taxonomy":"post_tag","embeddable":true,"href":"https:\/\/www.actualidadadiario.com\/index.php\/wp-json\/wp\/v2\/tags?post=103749"}],"curies":[{"name":"wp","href":"https:\/\/api.w.org\/{rel}","templated":true}]}}