{"id":103741,"date":"2023-06-26T13:01:56","date_gmt":"2023-06-26T16:01:56","guid":{"rendered":"https:\/\/www.actualidadadiario.com\/?p=103741"},"modified":"2023-06-26T13:01:56","modified_gmt":"2023-06-26T16:01:56","slug":"cresto-dispuso-varios-cambios-en-su-gabinete","status":"publish","type":"post","link":"https:\/\/www.actualidadadiario.com\/index.php\/2023\/06\/26\/cresto-dispuso-varios-cambios-en-su-gabinete\/","title":{"rendered":"Cresto dispuso varios cambios en su gabinete"},"content":{"rendered":"<p style=\"text-align: center;\"><em><strong>Aldo \u00c1lvarez asume en Gobierno y Hacienda, Jorge Mendieta se hace cargo de Desarrollo Social, Mariana Chiarello ser\u00e1 Secretaria de Turismo y se confirma a Mart\u00edn M\u00e9ndez en Deportes<\/strong><\/em><\/p>\n<p>&nbsp;<\/p>\n<p>&nbsp;<\/p>\n<p>Con el prop\u00f3sito de adecuar el gabinete a un nuevo ritmo de trabajo, en funci\u00f3n de los objetivos fijados para la segunda mitad del \u00faltimo a\u00f1o de gesti\u00f3n del intendente Enrique Cresto, este lunes se confirmaron nuevas modificaciones en los cargos ejecutivos del gobierno local.<\/p>\n<p>Es as\u00ed entonces que el actual secretario de Turismo, Cultura, Innovaci\u00f3n y Deportes, Aldo \u00c1lvarez, dejar\u00e1 su cargo para asumir la Secretar\u00eda de Gobierno y Hacienda, en reemplazo del contador \u00c1lvaro Sierra, profesional de reconocida trayectoria en la administraci\u00f3n municipal.<\/p>\n<p>En lo que refiere a la secretar\u00eda que encabezaba \u00c1lvarez, se defini\u00f3 un nuevo esquema organizacional que permitir\u00e1 que la licenciada Mariana Chiarello, actual directora del Centro de Convenciones y coordinadora del Observatorio Tur\u00edstico, se haga cargo de Turismo, Cultura e Innovaci\u00f3n y Mart\u00edn M\u00e9ndez del \u00e1rea de Deportes, funci\u00f3n que en t\u00e9rminos pr\u00e1cticos el reconocido atleta concordiense ya viene ejerciendo desde la subsecretar\u00eda que asumi\u00f3 en abril.<\/p>\n<p>Por otra parte, el actual titular del Instituto de Viviendas y Tierras Municipal, Jorge Mendieta, quedar\u00e1 al frente de la Secretar\u00eda de Desarrollo Social del municipio, tras haberse apartado Fernando Barboza de esta cartera.<\/p>\n<p>Adem\u00e1s, en el marco de este proceso de renovaci\u00f3n de estructuras, las pol\u00edticas ambientales del municipio quedar\u00e1n bajo la \u00f3rbita de la Coordinaci\u00f3n de Asuntos Estrat\u00e9gicos del Ejecutivo, actualmente bajo la conducci\u00f3n de Mar\u00eda de los \u00c1ngeles Petit, permaneciendo el actual titular de la Unidad de Desarrollo Ambiental, Mart\u00edn Armanazqui, vinculado al nuevo equipo que se est\u00e1 reorganizando en este \u00e1mbito.<\/p>\n<p>&nbsp;<\/p>\n<p><strong>La construcci\u00f3n colectica m\u00e1s all\u00e1 de los nombres<\/strong><\/p>\n<p>\u201cSon cambios que tienen que ver con m\u00faltiples factores, pero principalmente se enfocan en garantizar esta din\u00e1mica de trabajo que plantea el Intendente, con una gesti\u00f3n muy activa, con presencia permanente en los temas de relevancia para la ciudadan\u00eda y con metas claras para profundizar este proceso colectivo de transformaci\u00f3n y crecimiento en Concordia\u201d, manifest\u00f3 al respecto el secretario general de la Intendencia, Mat\u00edas Soto.<\/p>\n<p>\u201cTambi\u00e9n hay decisiones personales de funcionarios que en el actual escenario pol\u00edtico determinan transitar otros caminos, que son decisiones que deben respetarse, y consideraciones del Intendente respecto a plazos, recambios y etapas\u201d, detall\u00f3.<\/p>\n<p>Por su parte,\u00a0 la secretaria de Comunicaci\u00f3n Institucional del municipio, Jennifer Cisneros, destac\u00f3 que \u201cel Intendente tiene el deber de conducir este gran equipo y de ejecutar una planificaci\u00f3n de gobierno. En consecuencia, debe aplicar los cambios que mejor convengan a los objetivos planteados y en el momento que el Intendente, quien ejerce ante la ciudadan\u00eda la mayor responsabilidad de decisi\u00f3n, lo estime oportuno\u201d, remarc\u00f3.<\/p>\n<p>\u201cLo importante, m\u00e1s all\u00e1 de los nombres, son los procesos y sus resultados a largo plazo. Y esta gesti\u00f3n municipal viene demostrando en los hechos que se gobierna bien, pensando en el bien com\u00fan, construyendo colectivamente y contribuyendo en hechos concretos a consolidar un modelo de ciudad con obras estrat\u00e9gicas, pol\u00edticas p\u00fablicas exitosas y crecimiento sostenible\u201d, concluy\u00f3.<\/p>\n","protected":false},"excerpt":{"rendered":"<p>Aldo \u00c1lvarez asume en Gobierno y Hacienda, Jorge Mendieta se hace cargo de Desarrollo Social, Mariana Chiarello ser\u00e1 Secretaria de Turismo y se confirma a Mart\u00edn M\u00e9ndez en Deportes &nbsp; &nbsp; Con el prop\u00f3sito de adecuar el gabinete a un nuevo ritmo de trabajo, en funci\u00f3n de los objetivos fijados para la segunda mitad del \u00faltimo a\u00f1o de gesti\u00f3n del intendente Enrique Cresto, este lunes se confirmaron nuevas modificaciones en los cargos ejecutivos del gobierno local. Es as\u00ed entonces que el actual secretario de Turismo, Cultura, Innovaci\u00f3n y Deportes, Aldo&#8230;<\/p>\n","protected":false},"author":3,"featured_media":103742,"comment_status":"closed","ping_status":"closed","sticky":false,"template":"","format":"standard","meta":[],"categories":[15],"tags":[],"_links":{"self":[{"href":"https:\/\/www.actualidadadiario.com\/index.php\/wp-json\/wp\/v2\/posts\/103741"}],"collection":[{"href":"https:\/\/www.actualidadadiario.com\/index.php\/wp-json\/wp\/v2\/posts"}],"about":[{"href":"https:\/\/www.actualidadadiario.com\/index.php\/wp-json\/wp\/v2\/types\/post"}],"author":[{"embeddable":true,"href":"https:\/\/www.actualidadadiario.com\/index.php\/wp-json\/wp\/v2\/users\/3"}],"replies":[{"embeddable":true,"href":"https:\/\/www.actualidadadiario.com\/index.php\/wp-json\/wp\/v2\/comments?post=103741"}],"version-history":[{"count":1,"href":"https:\/\/www.actualidadadiario.com\/index.php\/wp-json\/wp\/v2\/posts\/103741\/revisions"}],"predecessor-version":[{"id":103743,"href":"https:\/\/www.actualidadadiario.com\/index.php\/wp-json\/wp\/v2\/posts\/103741\/revisions\/103743"}],"wp:featuredmedia":[{"embeddable":true,"href":"https:\/\/www.actualidadadiario.com\/index.php\/wp-json\/wp\/v2\/media\/103742"}],"wp:attachment":[{"href":"https:\/\/www.actualidadadiario.com\/index.php\/wp-json\/wp\/v2\/media?parent=103741"}],"wp:term":[{"taxonomy":"category","embeddable":true,"href":"https:\/\/www.actualidadadiario.com\/index.php\/wp-json\/wp\/v2\/categories?post=103741"},{"taxonomy":"post_tag","embeddable":true,"href":"https:\/\/www.actualidadadiario.com\/index.php\/wp-json\/wp\/v2\/tags?post=103741"}],"curies":[{"name":"wp","href":"https:\/\/api.w.org\/{rel}","templated":true}]}}