{"id":103738,"date":"2023-06-26T13:01:01","date_gmt":"2023-06-26T16:01:01","guid":{"rendered":"https:\/\/www.actualidadadiario.com\/?p=103738"},"modified":"2023-06-26T13:01:01","modified_gmt":"2023-06-26T16:01:01","slug":"paritaria-salarial-gobierno-presentara-una-nueva-propuesta-a-docentes-y-estatales","status":"publish","type":"post","link":"https:\/\/www.actualidadadiario.com\/index.php\/2023\/06\/26\/paritaria-salarial-gobierno-presentara-una-nueva-propuesta-a-docentes-y-estatales\/","title":{"rendered":"Paritaria salarial: Gobierno presentar\u00e1 una nueva propuesta a docentes y estatales"},"content":{"rendered":"<p style=\"text-align: center;\"><em><strong>Recibir\u00e1 a ATE y UPCN en el Sal\u00f3n de los Gobernadores y se encontrar\u00e1 con los cuatro gremios docentes en la Secretar\u00eda de Trabajo. Ambas reuniones se har\u00e1n en forma simult\u00e1nea, este lunes a las 12. La semana pasada los funcionarios de la Provincia ofrecieron a los dos sectores un 18% de incremento salarial, a pagar con los haberes de julio, y fueron receptivos a los pedidos de mejorar la oferta<\/strong><\/em><\/p>\n<p>&nbsp;<\/p>\n<p>&nbsp;<\/p>\n<p>El ministro de Econom\u00eda Hugo Ballay \u2013quien particip\u00f3 el jueves de la reuni\u00f3n con los sindicatos estatales\u2013 detall\u00f3 que la oferta \u201ccontempla lo que oportunamente el gobernador comprometi\u00f3: que el salario le vaya ganando a la inflaci\u00f3n. Entonces, con los datos de la inflaci\u00f3n de mayo, los convocamos y ofrecimos un incremento salarial del 18 por ciento con los haberes de julio. Es una propuesta igual a la hecha a los docentes\u201d.<\/p>\n<p>La reuni\u00f3n con Agmer, AMET, Sadop y UDA se realiz\u00f3 el mi\u00e9rcoles y fue encabezada por el presidente del Consejo General de Educaci\u00f3n (CGE), Mart\u00edn M\u00fcller.<\/p>\n<p>Todos los sindicatos consideraron insuficiente la propuesta, por lo que ambos encuentros pasaron a cuarto intermedio para este lunes 26 de junio a las 12.<\/p>\n<p>&nbsp;<\/p>\n<p><strong>Qu\u00e9 dijeron los gremios estatales<\/strong><\/p>\n<p>La secretaria Adjunta de la Uni\u00f3n Personal Civil de la Naci\u00f3n (UPCN), Carina Dom\u00ednguez, mencion\u00f3 cu\u00e1les son los tres puntos que el sindicato puso sobre la mesa tras escuchar el ofrecimiento del Ministro de Econom\u00eda: que el porcentaje de aumento sea mayor, que haya una suba en junio para evitar que los salarios queden retrasados en relaci\u00f3n a la inflaci\u00f3n y que se revisen los topes de las asignaciones familiares para \u201cpoder acercarnos a la canasta b\u00e1sica\u201d.<\/p>\n<p>Luego manifest\u00f3 sus expectativas en relaci\u00f3n a la posibilidad de arribar a un acuerdo en la reuni\u00f3n del pr\u00f3ximo lunes: \u201cSomos optimistas porque el Gobierno provincial entendi\u00f3 que son razonables los planteos que llevamos a la mesa paritaria\u201d.<\/p>\n<p>El secretario General de la Asociaci\u00f3n de Trabajadores del Estado (ATE), Oscar Muntes, expres\u00f3 que la propuesta salarial \u201cdebe ser mejorada&#8221; y destac\u00f3 la necesidad de incluir junio porque &#8220;en ese mes no recibimos recomposici\u00f3n salarial. Esperamos tener el lunes una respuesta favorable de, como m\u00ednimo, un 20%\u201d, apunt\u00f3.<\/p>\n<p>&nbsp;<\/p>\n<p><strong>La postura de los sindicatos docentes<\/strong><\/p>\n<p>El secretario General de la Asociaci\u00f3n Gremial del Magisterio de Entre R\u00edos (Agmer), Marcelo Pagani, propuso \u201cadelantar el porcentaje que todav\u00eda resta cobrar con los haberes de junio y sumar otros cinco puntos para compensar\u201d.<\/p>\n<p>Por su parte, el representante de la Asociaci\u00f3n Del Magisterio de Ense\u00f1anza T\u00e9cnica (AMET), Carlos Varela, cont\u00f3 que pidieron al Gobierno que parte del 18% propuesto sea retroactivo al mes de junio y, por otro lado, \u201cque la base de c\u00e1lculos para el segundo semestre sea el \u00faltimo haber percibido dentro de este primer semestre y no el de enero, como se viene haciendo\u201d.<\/p>\n<p>La secretaria general del Sindicato Argentino de Docentes Privados (Sadop), Alejandra Frank, puntualiz\u00f3: \u201cEstamos pidiendo que el aumento se adelante a junio para que realmente impacte en los salarios, vamos a esperar qu\u00e9 nos responden y realizaremos plenarios de delegados la semana que viene\u201d. A su vez, se mostr\u00f3 con expectativas para la pr\u00f3xima reuni\u00f3n: \u201cCreemos que en este cuarto intermedio el gobierno va a analizar lo que le hemos solicitado\u201d.<\/p>\n<p>Por \u00faltimo, la Secretaria General de la Uni\u00f3n de Docentes Argentinos (UDA), Mirta Raya, propuso \u201cque se tome como base de c\u00e1lculo el \u00faltimo sueldo porque se est\u00e1 tomando como base el mes de enero y los aumentos que recibimos no son acordes a la inflaci\u00f3n actual\u201d.<\/p>\n","protected":false},"excerpt":{"rendered":"<p>Recibir\u00e1 a ATE y UPCN en el Sal\u00f3n de los Gobernadores y se encontrar\u00e1 con los cuatro gremios docentes en la Secretar\u00eda de Trabajo. Ambas reuniones se har\u00e1n en forma simult\u00e1nea, este lunes a las 12. La semana pasada los funcionarios de la Provincia ofrecieron a los dos sectores un 18% de incremento salarial, a pagar con los haberes de julio, y fueron receptivos a los pedidos de mejorar la oferta &nbsp; &nbsp; El ministro de Econom\u00eda Hugo Ballay \u2013quien particip\u00f3 el jueves de la reuni\u00f3n con los sindicatos estatales\u2013&#8230;<\/p>\n","protected":false},"author":3,"featured_media":103739,"comment_status":"closed","ping_status":"closed","sticky":false,"template":"","format":"standard","meta":[],"categories":[15],"tags":[],"_links":{"self":[{"href":"https:\/\/www.actualidadadiario.com\/index.php\/wp-json\/wp\/v2\/posts\/103738"}],"collection":[{"href":"https:\/\/www.actualidadadiario.com\/index.php\/wp-json\/wp\/v2\/posts"}],"about":[{"href":"https:\/\/www.actualidadadiario.com\/index.php\/wp-json\/wp\/v2\/types\/post"}],"author":[{"embeddable":true,"href":"https:\/\/www.actualidadadiario.com\/index.php\/wp-json\/wp\/v2\/users\/3"}],"replies":[{"embeddable":true,"href":"https:\/\/www.actualidadadiario.com\/index.php\/wp-json\/wp\/v2\/comments?post=103738"}],"version-history":[{"count":1,"href":"https:\/\/www.actualidadadiario.com\/index.php\/wp-json\/wp\/v2\/posts\/103738\/revisions"}],"predecessor-version":[{"id":103740,"href":"https:\/\/www.actualidadadiario.com\/index.php\/wp-json\/wp\/v2\/posts\/103738\/revisions\/103740"}],"wp:featuredmedia":[{"embeddable":true,"href":"https:\/\/www.actualidadadiario.com\/index.php\/wp-json\/wp\/v2\/media\/103739"}],"wp:attachment":[{"href":"https:\/\/www.actualidadadiario.com\/index.php\/wp-json\/wp\/v2\/media?parent=103738"}],"wp:term":[{"taxonomy":"category","embeddable":true,"href":"https:\/\/www.actualidadadiario.com\/index.php\/wp-json\/wp\/v2\/categories?post=103738"},{"taxonomy":"post_tag","embeddable":true,"href":"https:\/\/www.actualidadadiario.com\/index.php\/wp-json\/wp\/v2\/tags?post=103738"}],"curies":[{"name":"wp","href":"https:\/\/api.w.org\/{rel}","templated":true}]}}