{"id":103736,"date":"2023-06-26T13:00:00","date_gmt":"2023-06-26T16:00:00","guid":{"rendered":"https:\/\/www.actualidadadiario.com\/?p=103736"},"modified":"2023-06-26T13:08:11","modified_gmt":"2023-06-26T16:08:11","slug":"cinco-fuerzas-presentaron-candidatos-a-la-gobernacion","status":"publish","type":"post","link":"https:\/\/www.actualidadadiario.com\/index.php\/2023\/06\/26\/cinco-fuerzas-presentaron-candidatos-a-la-gobernacion\/","title":{"rendered":"Cinco fuerzas presentaron candidatos a la Gobernaci\u00f3n"},"content":{"rendered":"<p style=\"text-align: center;\"><em><strong>El s\u00e1bado se inscribieron los precandidatos a los diferentes cargos en juego en la provincia de Entre R\u00edos y comenz\u00f3 formalmente la campa\u00f1a electoral. Habr\u00e1 disputa por la candidatura a gobernador en Juntos por Entre R\u00edos<\/strong><\/em><\/p>\n<p>&nbsp;<\/p>\n<p>&nbsp;<\/p>\n<p>El s\u00e1bado comenz\u00f3 oficialmente la campa\u00f1a electoral en Entre R\u00edos para las Elecciones 2023 -en sinton\u00eda con el calendario nacional-, tal como lo establece el cronograma del Tribunal Electoral. La fecha coincidi\u00f3 con el fin del plazo para que las diferentes fuerzas pol\u00edticas inscriban a sus precandidatos.<\/p>\n<p>Ahora que se conocen los nombres de los aspirantes a los distintos cargos en juego, se abre un plazo para la presentaci\u00f3n de los modelos de boletas que deben ser aprobadas por la Justicia Federal, con competencia electoral.<\/p>\n<p>El plazo para que las boletas sean oficializadas es hasta el 14 de julio. Ese mismo d\u00eda el Tribunal Electoral designar\u00e1 autoridades de mesa y publicar\u00e1 el padr\u00f3n de electores definitivo.<\/p>\n<p>El 19 de julio, comenzar\u00e1 la prohibici\u00f3n de realizar actos p\u00fablicos oficiales susceptibles de promover captaci\u00f3n de sufragio.<\/p>\n<p>El cronograma contin\u00faa con el 5 de agosto, cuando inicie la &#8220;prohibici\u00f3n de publicar o difundir encuestas o sondeos de opini\u00f3n, pron\u00f3sticos electorales, o referirse a sus datos&#8221; y, el 11 de ese mes, llega a su fin la campa\u00f1a electoral. La veda comenzara a las 8 de la ma\u00f1ana de ese d\u00eda.<\/p>\n<p>El 13 de agosto se llevar\u00e1n adelante las Primarias Abiertas Simult\u00e1neas y Obligatorias (PASO). El 15 se iniciar\u00e1 el escrutinio definitivo.<\/p>\n<p>El 2 de septiembre comenzar\u00e1 la campa\u00f1a electoral para las generales del 22 de octubre.<\/p>\n<p>A nivel provincial, cinco fuerzas pol\u00edticas presentaron candidatos a la gobernaci\u00f3n: M\u00e1s para Entre R\u00edos, Juntos por Entre R\u00edos, La Libertad Avanza, el MST en el Frente de Izquierda; y la unidad de la Confederaci\u00f3n Vecinalista de Entre R\u00edos\/Partido SOL. Adem\u00e1s de Gobernador y Vice; en estas elecciones 2023 se elegir\u00e1n cuatro diputados nacionales, 34 diputados\/as provinciales; 17 senadores\/as provinciales y 83 intendentes\/as.<\/p>\n","protected":false},"excerpt":{"rendered":"<p>El s\u00e1bado se inscribieron los precandidatos a los diferentes cargos en juego en la provincia de Entre R\u00edos y comenz\u00f3 formalmente la campa\u00f1a electoral. Habr\u00e1 disputa por la candidatura a gobernador en Juntos por Entre R\u00edos &nbsp; &nbsp; El s\u00e1bado comenz\u00f3 oficialmente la campa\u00f1a electoral en Entre R\u00edos para las Elecciones 2023 -en sinton\u00eda con el calendario nacional-, tal como lo establece el cronograma del Tribunal Electoral. La fecha coincidi\u00f3 con el fin del plazo para que las diferentes fuerzas pol\u00edticas inscriban a sus precandidatos. Ahora que se conocen los&#8230;<\/p>\n","protected":false},"author":3,"featured_media":90842,"comment_status":"closed","ping_status":"closed","sticky":false,"template":"","format":"standard","meta":[],"categories":[9,15],"tags":[],"_links":{"self":[{"href":"https:\/\/www.actualidadadiario.com\/index.php\/wp-json\/wp\/v2\/posts\/103736"}],"collection":[{"href":"https:\/\/www.actualidadadiario.com\/index.php\/wp-json\/wp\/v2\/posts"}],"about":[{"href":"https:\/\/www.actualidadadiario.com\/index.php\/wp-json\/wp\/v2\/types\/post"}],"author":[{"embeddable":true,"href":"https:\/\/www.actualidadadiario.com\/index.php\/wp-json\/wp\/v2\/users\/3"}],"replies":[{"embeddable":true,"href":"https:\/\/www.actualidadadiario.com\/index.php\/wp-json\/wp\/v2\/comments?post=103736"}],"version-history":[{"count":1,"href":"https:\/\/www.actualidadadiario.com\/index.php\/wp-json\/wp\/v2\/posts\/103736\/revisions"}],"predecessor-version":[{"id":103737,"href":"https:\/\/www.actualidadadiario.com\/index.php\/wp-json\/wp\/v2\/posts\/103736\/revisions\/103737"}],"wp:featuredmedia":[{"embeddable":true,"href":"https:\/\/www.actualidadadiario.com\/index.php\/wp-json\/wp\/v2\/media\/90842"}],"wp:attachment":[{"href":"https:\/\/www.actualidadadiario.com\/index.php\/wp-json\/wp\/v2\/media?parent=103736"}],"wp:term":[{"taxonomy":"category","embeddable":true,"href":"https:\/\/www.actualidadadiario.com\/index.php\/wp-json\/wp\/v2\/categories?post=103736"},{"taxonomy":"post_tag","embeddable":true,"href":"https:\/\/www.actualidadadiario.com\/index.php\/wp-json\/wp\/v2\/tags?post=103736"}],"curies":[{"name":"wp","href":"https:\/\/api.w.org\/{rel}","templated":true}]}}