{"id":103731,"date":"2023-06-26T12:57:58","date_gmt":"2023-06-26T15:57:58","guid":{"rendered":"https:\/\/www.actualidadadiario.com\/?p=103731"},"modified":"2023-06-26T12:57:58","modified_gmt":"2023-06-26T15:57:58","slug":"alberto-fernandez-llego-a-brasil-para-reunirse-con-lula-importaciones-fmi-y-acuerdo-mercosur-ue-en-agenda","status":"publish","type":"post","link":"https:\/\/www.actualidadadiario.com\/index.php\/2023\/06\/26\/alberto-fernandez-llego-a-brasil-para-reunirse-con-lula-importaciones-fmi-y-acuerdo-mercosur-ue-en-agenda\/","title":{"rendered":"Alberto Fern\u00e1ndez lleg\u00f3 a Brasil para reunirse con Lula: importaciones, FMI y acuerdo Mercosur-UE en agenda"},"content":{"rendered":"<p style=\"text-align: center;\"><em><strong>El Presidente arrib\u00f3 a Brasilia para mantener un nuevo encuentro con Lula da Silva. Dialogar\u00e1n sobre las relaciones comerciales entre ambos pa\u00edses y la realidad pol\u00edtica y social de la regi\u00f3n<\/strong><\/em><\/p>\n<p>&nbsp;<\/p>\n<p>&nbsp;<\/p>\n<p>El presidenteAlberto Fern\u00e1ndez arrib\u00f3 a Brasil para reunirse con su par Lula da Silva, y otras autoridades del pa\u00eds vecino, en lo que ser\u00e1 el quinto encuentro desde que el jefe de Estado brasile\u00f1o regres\u00f3 al gobierno en enero pasado. Se espera que dialoguen sobre FMI, acuerdo Mercosur-Uni\u00f3n Europea e importaciones brasile\u00f1as. En agosto de este a\u00f1o se cumplir\u00e1n 200 a\u00f1os del inicio de las relaciones bilaterales entre ambos pa\u00edses.<\/p>\n<p>El mandatario argentino mantendr\u00e1 un encuentro con el l\u00edder petista, quien en m\u00faltiples oportunidades manifest\u00f3 su apoyo a la renegociaci\u00f3n con el FMI que lleva adelante el ministro y candidato presidencial Sergio Massa.<\/p>\n<p>La visita de Fern\u00e1ndez a Brasil se llevar\u00e1 a cabo luego de una semana de alto intensa a ra\u00edz del cierre de listas en Uni\u00f3n por la Patria, que eclips\u00f3 buena parte de la agenda gubernamental.<\/p>\n<p>El jefe de Estado argentino llegar\u00e1 a Brasilia para cumplir con una tradicional visita de Estado en la que dialogar\u00e1n sobre las relaciones comerciales entre ambos pa\u00edses y la realidad pol\u00edtica y social de la regi\u00f3n.<\/p>\n<p>En ese contexto, Fern\u00e1ndez volver\u00e1 a dialogar con su par brasile\u00f1o acerca del acuerdo para que Brasil financie importaciones a trav\u00e9s del Banco Nacional de Desarrollo Econ\u00f3mico y Social. Recientemente, Lula confirm\u00f3 que el BNDES financiar\u00e1 la importaci\u00f3n de tubos y l\u00e1minas de acero fabricadas por empresas brasile\u00f1as que ser\u00e1n usados en la etapa 2 del gasoducto N\u00e9stor Kirchner.<\/p>\n<p>La financiaci\u00f3n podr\u00eda alcanzar un monto de hasta u$s600 millones y le permitir\u00eda a la Argentina evitar la utilizaci\u00f3n de reservas del Banco Central, en momentos de escases de divisas.<\/p>\n<p>&nbsp;<\/p>\n<p><strong>Agenda<\/strong><\/p>\n<p>La agenda del mandatario argentino tendr\u00e1 como primera actividad la reuni\u00f3n con Lula en el Palacio del Planalto que se desarrollar\u00e1 este lunes a las 10. Se espera que all\u00ed se lleve a cabo la reuni\u00f3n bilateral donde se tratar\u00e1n temas de inter\u00e9s mutuo como el apoyo frente al FMI, el acuerdo Mercosur &#8211; Uni\u00f3n Europea y el financiamiento de importaciones.<\/p>\n<p>Lula le pidi\u00f3 al ministro de Hacienda, Fernando Haddad, que tenga preparada una nueva propuesta para facilitar las inversiones brasile\u00f1as en Argentina.<\/p>\n<p>Posteriormente, el Presidente compartir\u00e1 un almuerzo en la sede del Ministerio de Relaciones Exteriores brasile\u00f1o.<\/p>\n<p>Alberto Fern\u00e1ndez tambi\u00e9n mantendr\u00e1 un encuentro el presidente del Senado, Rodrigo Pacheco, junto a un representante de la C\u00e1mara de Diputados. Y visitar\u00e1 la sede del Supremo Tribunal Federal de Brasil.<\/p>\n<p>&nbsp;<\/p>\n<p><strong>Relaciones bilaterales<\/strong><\/p>\n<p>El viaje contar\u00e1 tambi\u00e9n con gestos y declaraciones especiales sobre los 200 a\u00f1os de relaciones bilaterales, que se iniciaron el 5 de agosto de 1823.<\/p>\n<p>La Canciller\u00eda destac\u00f3 en un comunicado que &#8220;la relaci\u00f3n econ\u00f3mica y comercial entre la Argentina y el Brasil es intensa y estrat\u00e9gica para ambos pa\u00edses. Brasil es nuestro principal socio comercial&#8221;.<\/p>\n<p>&#8220;El 17,2% de las exportaciones de nuestro pa\u00eds hasta mayo tuvieron como destino Brasil, mientras que las importaciones alcanzaron el 24,7&#8221;, dijo, y abund\u00f3: &#8220;La interdependencia comercial de ambos pa\u00edses se evidencia en la composici\u00f3n del comercio, con una alta participaci\u00f3n de manufacturas. En ese sentido el comercio bilateral es clave en el mantenimiento y generaci\u00f3n de empleo de calidad en ambos pa\u00edses&#8221;.<\/p>\n<p>&#8220;Ambos pa\u00edses trabajan en nuevas oportunidades para intensificar la relaci\u00f3n comercial, el flujo bilateral de inversiones y la complementariedad energ\u00e9tica&#8221;, sostuvo la cartera que encabeza Santiago Cafiero, quien participar\u00e1 del viaje.<\/p>\n<p>Detall\u00f3 que &#8220;entre enero y abril de 2023 las exportaciones argentinas de bienes a Brasil alcanzaron USD 3.318 millones, con un incremento interanual del 7,5%. Asimismo, las exportaciones de servicios en 2022 acumularon USD 1.494 millones con un incremento del 134%&#8221;.<\/p>\n","protected":false},"excerpt":{"rendered":"<p>El Presidente arrib\u00f3 a Brasilia para mantener un nuevo encuentro con Lula da Silva. Dialogar\u00e1n sobre las relaciones comerciales entre ambos pa\u00edses y la realidad pol\u00edtica y social de la regi\u00f3n &nbsp; &nbsp; El presidenteAlberto Fern\u00e1ndez arrib\u00f3 a Brasil para reunirse con su par Lula da Silva, y otras autoridades del pa\u00eds vecino, en lo que ser\u00e1 el quinto encuentro desde que el jefe de Estado brasile\u00f1o regres\u00f3 al gobierno en enero pasado. Se espera que dialoguen sobre FMI, acuerdo Mercosur-Uni\u00f3n Europea e importaciones brasile\u00f1as. En agosto de este a\u00f1o&#8230;<\/p>\n","protected":false},"author":3,"featured_media":102438,"comment_status":"closed","ping_status":"closed","sticky":false,"template":"","format":"standard","meta":[],"categories":[18],"tags":[],"_links":{"self":[{"href":"https:\/\/www.actualidadadiario.com\/index.php\/wp-json\/wp\/v2\/posts\/103731"}],"collection":[{"href":"https:\/\/www.actualidadadiario.com\/index.php\/wp-json\/wp\/v2\/posts"}],"about":[{"href":"https:\/\/www.actualidadadiario.com\/index.php\/wp-json\/wp\/v2\/types\/post"}],"author":[{"embeddable":true,"href":"https:\/\/www.actualidadadiario.com\/index.php\/wp-json\/wp\/v2\/users\/3"}],"replies":[{"embeddable":true,"href":"https:\/\/www.actualidadadiario.com\/index.php\/wp-json\/wp\/v2\/comments?post=103731"}],"version-history":[{"count":1,"href":"https:\/\/www.actualidadadiario.com\/index.php\/wp-json\/wp\/v2\/posts\/103731\/revisions"}],"predecessor-version":[{"id":103732,"href":"https:\/\/www.actualidadadiario.com\/index.php\/wp-json\/wp\/v2\/posts\/103731\/revisions\/103732"}],"wp:featuredmedia":[{"embeddable":true,"href":"https:\/\/www.actualidadadiario.com\/index.php\/wp-json\/wp\/v2\/media\/102438"}],"wp:attachment":[{"href":"https:\/\/www.actualidadadiario.com\/index.php\/wp-json\/wp\/v2\/media?parent=103731"}],"wp:term":[{"taxonomy":"category","embeddable":true,"href":"https:\/\/www.actualidadadiario.com\/index.php\/wp-json\/wp\/v2\/categories?post=103731"},{"taxonomy":"post_tag","embeddable":true,"href":"https:\/\/www.actualidadadiario.com\/index.php\/wp-json\/wp\/v2\/tags?post=103731"}],"curies":[{"name":"wp","href":"https:\/\/api.w.org\/{rel}","templated":true}]}}