{"id":103720,"date":"2023-06-26T12:53:31","date_gmt":"2023-06-26T15:53:31","guid":{"rendered":"https:\/\/www.actualidadadiario.com\/?p=103720"},"modified":"2023-06-26T12:53:31","modified_gmt":"2023-06-26T15:53:31","slug":"estas-son-las-13-formulas-presidenciales-que-competiran-en-las-paso","status":"publish","type":"post","link":"https:\/\/www.actualidadadiario.com\/index.php\/2023\/06\/26\/estas-son-las-13-formulas-presidenciales-que-competiran-en-las-paso\/","title":{"rendered":"Estas son las 13 f\u00f3rmulas presidenciales que competir\u00e1n en las PASO"},"content":{"rendered":"<p style=\"text-align: center;\"><em><strong>Las primarias del 13 de agosto tendr\u00e1n tres alianzas electorales con disputa interna para definir a los candidatos presidenciales<\/strong><\/em><\/p>\n<p>&nbsp;<\/p>\n<p>&nbsp;<\/p>\n<p>Un total de trece f\u00f3rmulas presidenciales competir\u00e1n en las elecciones PASO y tres alianzas son las que tendr\u00e1n competencia interna para definir al candidato.<\/p>\n<p>Uni\u00f3n por la Patria presentar\u00e1 los binomios Sergio Massa-Agust\u00edn Rossi y Juan Grabois-Paula Abal Medina, mientras que en Juntos por el Cambio la disputa ser\u00e1 entre las f\u00f3rmulas Horacio Rodr\u00edguez Larreta-Gerardo Morales y Patricia Bullrich-Luis Petri.<\/p>\n<p>El otro espacio que aprovechar\u00e1 las elecciones Primarias, Abiertas, Simult\u00e1neas y Obligatorias (PASO) del domingo 13 de agosto ser\u00e1 el Frente de Izquierda y de los Trabajadores-Unidad (FITU): en el cuarto oscuro estar\u00e1 la boleta de Myriam Bregman-Nicol\u00e1s del Ca\u00f1o y tambi\u00e9n la de Gabriel Solano-Vilma Ripoll.<\/p>\n<p>La Libertad\u00a0 Avanza ir\u00e1 con Javier Milei-Victoria Villarruel y Juan Schiaretti-Florencio Randazzo ser\u00e1 la oferta electoral de Hacemos por nuestro pa\u00eds.<\/p>\n<p>Marcelo Ramal-Patricia Urones competir\u00e1n por Pol\u00edtica Obrera; Manuela Casta\u00f1eira-Lucas Ruiz ir\u00e1n por el Nuevo MAS; as\u00ed como Principios y Valores tendr\u00e1 como propuesta a la f\u00f3rmula Guillermo Moreno-Leonardo Fabre.<\/p>\n<p>Finalmente, Libres del Sur presentar\u00e1 al binomio Jes\u00fas Escobar-Marianella Lezama Hid y el Frente Patriota Federal buscar\u00e1 llegar a las generales del 22 de octubre con C\u00e9sar Biondini-Mariel Avenda\u00f1o.<\/p>\n","protected":false},"excerpt":{"rendered":"<p>Las primarias del 13 de agosto tendr\u00e1n tres alianzas electorales con disputa interna para definir a los candidatos presidenciales &nbsp; &nbsp; Un total de trece f\u00f3rmulas presidenciales competir\u00e1n en las elecciones PASO y tres alianzas son las que tendr\u00e1n competencia interna para definir al candidato. Uni\u00f3n por la Patria presentar\u00e1 los binomios Sergio Massa-Agust\u00edn Rossi y Juan Grabois-Paula Abal Medina, mientras que en Juntos por el Cambio la disputa ser\u00e1 entre las f\u00f3rmulas Horacio Rodr\u00edguez Larreta-Gerardo Morales y Patricia Bullrich-Luis Petri. El otro espacio que aprovechar\u00e1 las elecciones Primarias, Abiertas,&#8230;<\/p>\n","protected":false},"author":3,"featured_media":103721,"comment_status":"closed","ping_status":"closed","sticky":false,"template":"","format":"standard","meta":[],"categories":[9],"tags":[],"_links":{"self":[{"href":"https:\/\/www.actualidadadiario.com\/index.php\/wp-json\/wp\/v2\/posts\/103720"}],"collection":[{"href":"https:\/\/www.actualidadadiario.com\/index.php\/wp-json\/wp\/v2\/posts"}],"about":[{"href":"https:\/\/www.actualidadadiario.com\/index.php\/wp-json\/wp\/v2\/types\/post"}],"author":[{"embeddable":true,"href":"https:\/\/www.actualidadadiario.com\/index.php\/wp-json\/wp\/v2\/users\/3"}],"replies":[{"embeddable":true,"href":"https:\/\/www.actualidadadiario.com\/index.php\/wp-json\/wp\/v2\/comments?post=103720"}],"version-history":[{"count":1,"href":"https:\/\/www.actualidadadiario.com\/index.php\/wp-json\/wp\/v2\/posts\/103720\/revisions"}],"predecessor-version":[{"id":103722,"href":"https:\/\/www.actualidadadiario.com\/index.php\/wp-json\/wp\/v2\/posts\/103720\/revisions\/103722"}],"wp:featuredmedia":[{"embeddable":true,"href":"https:\/\/www.actualidadadiario.com\/index.php\/wp-json\/wp\/v2\/media\/103721"}],"wp:attachment":[{"href":"https:\/\/www.actualidadadiario.com\/index.php\/wp-json\/wp\/v2\/media?parent=103720"}],"wp:term":[{"taxonomy":"category","embeddable":true,"href":"https:\/\/www.actualidadadiario.com\/index.php\/wp-json\/wp\/v2\/categories?post=103720"},{"taxonomy":"post_tag","embeddable":true,"href":"https:\/\/www.actualidadadiario.com\/index.php\/wp-json\/wp\/v2\/tags?post=103720"}],"curies":[{"name":"wp","href":"https:\/\/api.w.org\/{rel}","templated":true}]}}