{"id":10372,"date":"2017-04-21T09:54:16","date_gmt":"2017-04-21T12:54:16","guid":{"rendered":"http:\/\/actualidadadiario.com\/site\/?p=10372"},"modified":"2017-04-21T09:54:16","modified_gmt":"2017-04-21T12:54:16","slug":"un-policia-muerto-y-otros-dos-heridos-en-un-tiroteo-en-paris","status":"publish","type":"post","link":"https:\/\/www.actualidadadiario.com\/index.php\/2017\/04\/21\/un-policia-muerto-y-otros-dos-heridos-en-un-tiroteo-en-paris\/","title":{"rendered":"Un polic\u00eda muerto y otros dos heridos en un tiroteo en Par\u00eds"},"content":{"rendered":"<p><em><strong>El presidente Hollande ha confirmado que se sigue la pista terrorista. El incidente ha tenido lugar en la zona de los Campos El\u00edseos<\/strong><\/em><\/p>\n<p>&nbsp;<\/p>\n<p>&nbsp;<\/p>\n<p>&nbsp;<\/p>\n<p>Par\u00eds ha sido la noche del jueves v\u00edctima de un nuevo tiroteo en el que todas las pistas apuntan a que tiene car\u00e1cter terrorista, seg\u00fan confirm\u00f3 el presidente franc\u00e9s, Fran\u00e7ois Hollande. Poco despu\u00e9s, el Estado Isl\u00e1mico reivindic\u00f3 la autor\u00eda del ataque, perpetrado en la tur\u00edstica avenida de los Campos El\u00edseos, donde un hombre mat\u00f3 a un polic\u00eda e hiri\u00f3 gravemente a otros dos. El incidente ha conmocionado a una ciudad, y a todo un pa\u00eds que lleva m\u00e1s de dos a\u00f1os en estado de emergencia por la serie de atentados extremistas que en este tiempo han dejado m\u00e1s de 230 muertos.<\/p>\n<p>&nbsp;<\/p>\n<p>&#8220;Estamos convencidos de que las pistas son de \u00edndole terrorista&#8221;, declar\u00f3 Hollande en una comparecencia desde el El\u00edseo pasadas las 23.00, despu\u00e9s de haber celebrado una reuni\u00f3n de emergencia con miembros de su gabinete. La secci\u00f3n antiterrorista de la Fiscal\u00eda de Par\u00eds ya ha abierto una investigaci\u00f3n. El Estado Isl\u00e1mico (ISIS) se atribuy\u00f3 el ataque a trav\u00e9s de su &#8220;agencia de noticias&#8221;, Amaq. Seg\u00fan el portal de seguimiento de informaci\u00f3n yihadista SITE, en su mensaje, el ISIS identifica al terrorista como Abu Yusuf al Beljiki (&#8216;el belga&#8217;). De este modo, el Estado Isl\u00e1mico da a entender que conoc\u00eda de antemano el plan del atentado, ya que no siempre da nombres. Sin embargo, el fiscal jefe de Par\u00eds, Fran\u00e7ois Molins, se ha negado a confirmar un nombre. \u201cLa identidad del atacante es conocida, ha sido verificada. Pero no la dar\u00e9 porque las investigaciones est\u00e1n a\u00fan en curso, sobre todo para comprobar si tuvo un c\u00f3mplice o no\u201d, declar\u00f3 desde los Campos El\u00edseos. Seg\u00fan medios franceses, se ha realizado un registro en una vivienda en Seine-et-Marne, que ser\u00eda la del agresor abatido.<\/p>\n<p>&nbsp;<\/p>\n<p>El portavoz del Ministerio del Interior, Pierre-Henry Brandet, dijo que un veh\u00edculo se detuvo alrededor de las 21.00 junto a un furg\u00f3n de polic\u00eda que estaba estacionado a uno de los lados de la avenida de los Campos El\u00edseos, a la altura del n\u00famero 102. Un hombre &#8220;sali\u00f3 del coche y abri\u00f3 fuego contra la patrulla, hiriendo mortalmente a un agente&#8221;, explic\u00f3 en declaraciones desde el lugar de los hechos. &#8220;A priori&#8221;, dijo, el arma usada fue un &#8220;fusil autom\u00e1tico&#8221;, posiblemente una Kalashnikov. Tras el primer tiroteo, el agresor avanz\u00f3 por la acera y dispar\u00f3 contra los agentes que se encontraban patrullando en esa \u00e1rea antes de emprender la huida. El atacante logr\u00f3 herir a dos agentes m\u00e1s antes de ser abatido, agreg\u00f3 Brandet. Una turista tambi\u00e9n result\u00f3 herida leve.<\/p>\n<p>&nbsp;<\/p>\n<p>Las fuerzas de seguridad aseguraron el veh\u00edculo del agresor, por si pudieran hallarse explosivos, de acuerdo con las informaciones oficiales.<\/p>\n<p>&nbsp;<\/p>\n<p>La prefectura de polic\u00eda de Par\u00eds hab\u00eda avisado en horas de la noche por las redes sociales de que hab\u00eda una \u201cintervenci\u00f3n en curso\u201d en la zona, llena de comercios y restaurantes, y pidi\u00f3 a los ciudadanos que \u201ceviten la zona\u201d. M\u00faltiples agentes se desplegaron r\u00e1pidamente por la avenida, que fue evacuada y cortada totalmente al tr\u00e1fico. Numerosas personas se encontraban en el momento del ataque en la zona, una de las m\u00e1s populares por el gran n\u00famero de tiendas y restaurantes que alberga.<\/p>\n<p>&nbsp;<\/p>\n<p>Hollande convoc\u00f3 a una reuni\u00f3n de emergencia en el El\u00edseo a la que acudieron el primer ministro, Bernard Cazeneuve, y el ministro del Interior, Matthias Fekl. El presidente dijo posteriormente que el viernes a primera hora se reunir\u00e1 el Consejo de Defensa para analizar la situaci\u00f3n. Adem\u00e1s, anunci\u00f3 un homenaje nacional para el agente muerto.<\/p>\n<p>&nbsp;<\/p>\n<p>La alcaldesa de Par\u00eds, Anne Hidalgo, llam\u00f3 a los habitantes de la capital a no dejarse arredrar por actos como este, cometido por un \u201cterrorista cegado por el odio y la muerte\u201d. \u201cNo cederemos nada, no flaquearemos, permaneceremos unidos ante esta amenaza odiosa y taimada que pesa sobre todas las ciudades del mundo\u201d, dijo en un comunicado.<\/p>\n<p>&nbsp;<\/p>\n<p>&nbsp;<\/p>\n<p>&nbsp;<\/p>\n<p><strong>Un atentado en v\u00edsperas de las elecciones<\/strong><\/p>\n<p>El tiroteo tiene lugar a solo tres d\u00edas de las elecciones presidenciales. El martes, dos presuntos terroristas fueron detenidos en Marsella, en una operaci\u00f3n que seg\u00fan las autoridades francesas logr\u00f3 evitar un atentado &#8220;inminente&#8221; relacionado con la campa\u00f1a electoral. En el domicilio de los j\u00f3venes arrestados, que eran vigilados por su &#8220;radicalizaci\u00f3n&#8221; en los \u00faltimos a\u00f1os, fueron halladas armas de fuego y material explosivo listo para ser utilizado. Desde entonces, las medidas de seguridad han sido incrementadas en los actos de los principales candidatos presidenciales, que hab\u00edan sido alertados la semana pasada de la situaci\u00f3n. La v\u00edspera, los que asistieron al mitin del candidato socialista, Beno\u00eet Hamon, en la c\u00e9ntrica Plaza de la Rep\u00fablica tuvieron que someterse a exhaustivos cacheos antes de acceder al recinto.<\/p>\n<p>&nbsp;<\/p>\n<p>El ataque de esta noche sorprendi\u00f3 a los 11 candidatos presidenciales en el plat\u00f3 de la cadena p\u00fablica France 2, donde participaban en un programa de entrevistas individuales cortas para presentar sus programas, en el \u00faltimo gran acto televisado antes de las elecciones del domingo. Aunque el programa continu\u00f3, los candidatos usaron las redes sociales para demostrar su solidaridad con los agentes y condenar el ataque. Dos de los candidatos, la l\u00edder del ultraderechista Frente Nacional, Marine Le Pen, y el conservador Fran\u00e7ois Fillon han anunciado que cancelaban actos previstos para el viernes, \u00faltimo d\u00eda de campa\u00f1a.<\/p>\n<p>&nbsp;<\/p>\n<p>El ministro del Interior Fekl asegur\u00f3 esta semana que se est\u00e1 haciendo todo lo posible para \u201casegurar la seguridad de los franceses y el desarrollo sin incidentes de la campa\u00f1a electoral y la seguridad de los candidatos y sus sedes\u201d. Adem\u00e1s, record\u00f3 que en las jornadas electorales, el domingo y el 7 de mayo en segunda vuelta, se desplegar\u00e1n 50.000 polic\u00edas, gendarmes y militares por todo el pa\u00eds.<\/p>\n","protected":false},"excerpt":{"rendered":"<p>El presidente Hollande ha confirmado que se sigue la pista terrorista. El incidente ha tenido lugar en la zona de los Campos El\u00edseos &nbsp; &nbsp; &nbsp; Par\u00eds ha sido la noche del jueves v\u00edctima de un nuevo tiroteo en el que todas las pistas apuntan a que tiene car\u00e1cter terrorista, seg\u00fan confirm\u00f3 el presidente franc\u00e9s, Fran\u00e7ois Hollande. Poco despu\u00e9s, el Estado Isl\u00e1mico reivindic\u00f3 la autor\u00eda del ataque, perpetrado en la tur\u00edstica avenida de los Campos El\u00edseos, donde un hombre mat\u00f3 a un polic\u00eda e hiri\u00f3 gravemente a otros dos. El&#8230;<\/p>\n","protected":false},"author":3,"featured_media":10373,"comment_status":"closed","ping_status":"closed","sticky":false,"template":"","format":"standard","meta":[],"categories":[4],"tags":[],"_links":{"self":[{"href":"https:\/\/www.actualidadadiario.com\/index.php\/wp-json\/wp\/v2\/posts\/10372"}],"collection":[{"href":"https:\/\/www.actualidadadiario.com\/index.php\/wp-json\/wp\/v2\/posts"}],"about":[{"href":"https:\/\/www.actualidadadiario.com\/index.php\/wp-json\/wp\/v2\/types\/post"}],"author":[{"embeddable":true,"href":"https:\/\/www.actualidadadiario.com\/index.php\/wp-json\/wp\/v2\/users\/3"}],"replies":[{"embeddable":true,"href":"https:\/\/www.actualidadadiario.com\/index.php\/wp-json\/wp\/v2\/comments?post=10372"}],"version-history":[{"count":1,"href":"https:\/\/www.actualidadadiario.com\/index.php\/wp-json\/wp\/v2\/posts\/10372\/revisions"}],"predecessor-version":[{"id":10374,"href":"https:\/\/www.actualidadadiario.com\/index.php\/wp-json\/wp\/v2\/posts\/10372\/revisions\/10374"}],"wp:featuredmedia":[{"embeddable":true,"href":"https:\/\/www.actualidadadiario.com\/index.php\/wp-json\/wp\/v2\/media\/10373"}],"wp:attachment":[{"href":"https:\/\/www.actualidadadiario.com\/index.php\/wp-json\/wp\/v2\/media?parent=10372"}],"wp:term":[{"taxonomy":"category","embeddable":true,"href":"https:\/\/www.actualidadadiario.com\/index.php\/wp-json\/wp\/v2\/categories?post=10372"},{"taxonomy":"post_tag","embeddable":true,"href":"https:\/\/www.actualidadadiario.com\/index.php\/wp-json\/wp\/v2\/tags?post=10372"}],"curies":[{"name":"wp","href":"https:\/\/api.w.org\/{rel}","templated":true}]}}