{"id":103717,"date":"2023-06-26T12:52:30","date_gmt":"2023-06-26T15:52:30","guid":{"rendered":"https:\/\/www.actualidadadiario.com\/?p=103717"},"modified":"2023-06-26T12:52:30","modified_gmt":"2023-06-26T15:52:30","slug":"arranco-la-campana-cristina-kirchner-reaparece-hoy-en-un-acto-junto-massa","status":"publish","type":"post","link":"https:\/\/www.actualidadadiario.com\/index.php\/2023\/06\/26\/arranco-la-campana-cristina-kirchner-reaparece-hoy-en-un-acto-junto-massa\/","title":{"rendered":"Arranc\u00f3 la campa\u00f1a: Cristina Kirchner reaparece hoy en un acto junto Massa"},"content":{"rendered":"<p style=\"text-align: center;\"><em><strong>La vicepresidenta se mostrar\u00e1 esta tarde con el precandidato presidencial de Uni\u00f3n por la Patria, Sergio Massa, en la Ex Esma. Ser\u00e1 la primera manifestaci\u00f3n de apoyo a la f\u00f3rmula del oficialismo<\/strong><\/em><\/p>\n<p>&nbsp;<\/p>\n<p>&nbsp;<\/p>\n<p>&nbsp;<\/p>\n<p>Apenas a 48 horas del cierre de listas que competir\u00e1n en las PASO del 13 de agosto, la vicepresidenta Cristina Kirchner y el ministro de Econom\u00eda, Sergio Massa, participar\u00e1n esta tarde de un acto en la ex ESMA.<\/p>\n<p>Tras ser elegido como precandidato presidencial de Uni\u00f3n por la Patria, el ministro de Econom\u00eda se mostrar\u00e1 p\u00fablicamente por primera vez luego de una tensa negociaci\u00f3n por la elecci\u00f3n de los candidatos del oficialismo.<\/p>\n<p>En un mensaje en las redes sociales, la vicepresidente evit\u00f3 hacer menci\u00f3n a la cuesti\u00f3n electoral o la candidatura del ministro y se enfoc\u00f3 en el anuncio del acto de hoy: \u201cA a las 16hs, vamos a participar del acto de recuperaci\u00f3n del avi\u00f3n Skyvan PA-51, utilizado para los \u201cvuelos de la muerte\u201d durante la \u00faltima dictadura c\u00edvico-militar. Se trata de un reclamo de los familiares de las v\u00edctimas de la Santa Cruz&#8221;.<\/p>\n<p>El hilo de tuits agreg\u00f3 que estar\u00e1 presente en el acto &#8220;el ministro de Econom\u00eda, @SergioMassa, quien llev\u00f3 adelante las gestiones internacionales que lo hicieron posible\u201d.<\/p>\n<p>La presentaci\u00f3n p\u00fablica seguramente servir\u00e1 como el primer respaldo p\u00fablico de la mandataria al l\u00edder del Frente Renovador al ser ungido precandidato a presidente junto a Agust\u00edn Rossi, como su compa\u00f1ero de f\u00f3rmula.<\/p>\n<p>En el mensaje mencion\u00f3 que se comprob\u00f3 que en ese avi\u00f3n fue utilizado el 14 de diciembre de 1977 para arrojar al mar &#8220;a las v\u00edctimas de la Iglesia de la Santa Cruz, entre quienes estaban Azucena Villaflor, Esther Ballestrino de Careaga y Mar\u00eda Eugenia Ponce de Bianco, integrantes de Madres de Plaza de Mayo, y las monjas francesas Alice Domon y Leonie Duquet&#8221;.<\/p>\n<p>En otro tramo del tuit, la vicepresidenta record\u00f3 que el encargado de recuperar la nave fue el ministro de Econom\u00eda. &#8220;El organiz\u00f3 su traslado desde Estados Unidos y ahora el avi\u00f3n ser\u00e1 emplazado en el predio de la ex ESMA, donde servir\u00e1 como aporte para la construcci\u00f3n de la Memoria sobre el terrorismo de Estado&#8221;, agreg\u00f3.<\/p>\n<p>La \u00faltima vez que Cristina y Massa se mostraron p\u00fablicamente fue en el acto del 25 de mayo que se organiz\u00f3 en la Plaza de Mayo al cumplirse 20 a\u00f1os de la asunci\u00f3n de N\u00e9stor Kirchner. La presencia del ministro sobre el escenario despert\u00f3 las especulaciones de una posible confirmaci\u00f3n de una nominaci\u00f3n a la f\u00f3rmula presidencial.<\/p>\n","protected":false},"excerpt":{"rendered":"<p>La vicepresidenta se mostrar\u00e1 esta tarde con el precandidato presidencial de Uni\u00f3n por la Patria, Sergio Massa, en la Ex Esma. Ser\u00e1 la primera manifestaci\u00f3n de apoyo a la f\u00f3rmula del oficialismo &nbsp; &nbsp; &nbsp; Apenas a 48 horas del cierre de listas que competir\u00e1n en las PASO del 13 de agosto, la vicepresidenta Cristina Kirchner y el ministro de Econom\u00eda, Sergio Massa, participar\u00e1n esta tarde de un acto en la ex ESMA. Tras ser elegido como precandidato presidencial de Uni\u00f3n por la Patria, el ministro de Econom\u00eda se mostrar\u00e1&#8230;<\/p>\n","protected":false},"author":3,"featured_media":103718,"comment_status":"closed","ping_status":"closed","sticky":false,"template":"","format":"standard","meta":[],"categories":[9],"tags":[],"_links":{"self":[{"href":"https:\/\/www.actualidadadiario.com\/index.php\/wp-json\/wp\/v2\/posts\/103717"}],"collection":[{"href":"https:\/\/www.actualidadadiario.com\/index.php\/wp-json\/wp\/v2\/posts"}],"about":[{"href":"https:\/\/www.actualidadadiario.com\/index.php\/wp-json\/wp\/v2\/types\/post"}],"author":[{"embeddable":true,"href":"https:\/\/www.actualidadadiario.com\/index.php\/wp-json\/wp\/v2\/users\/3"}],"replies":[{"embeddable":true,"href":"https:\/\/www.actualidadadiario.com\/index.php\/wp-json\/wp\/v2\/comments?post=103717"}],"version-history":[{"count":1,"href":"https:\/\/www.actualidadadiario.com\/index.php\/wp-json\/wp\/v2\/posts\/103717\/revisions"}],"predecessor-version":[{"id":103719,"href":"https:\/\/www.actualidadadiario.com\/index.php\/wp-json\/wp\/v2\/posts\/103717\/revisions\/103719"}],"wp:featuredmedia":[{"embeddable":true,"href":"https:\/\/www.actualidadadiario.com\/index.php\/wp-json\/wp\/v2\/media\/103718"}],"wp:attachment":[{"href":"https:\/\/www.actualidadadiario.com\/index.php\/wp-json\/wp\/v2\/media?parent=103717"}],"wp:term":[{"taxonomy":"category","embeddable":true,"href":"https:\/\/www.actualidadadiario.com\/index.php\/wp-json\/wp\/v2\/categories?post=103717"},{"taxonomy":"post_tag","embeddable":true,"href":"https:\/\/www.actualidadadiario.com\/index.php\/wp-json\/wp\/v2\/tags?post=103717"}],"curies":[{"name":"wp","href":"https:\/\/api.w.org\/{rel}","templated":true}]}}