{"id":103712,"date":"2023-06-26T12:50:30","date_gmt":"2023-06-26T15:50:30","guid":{"rendered":"https:\/\/www.actualidadadiario.com\/?p=103712"},"modified":"2023-06-26T12:50:30","modified_gmt":"2023-06-26T15:50:30","slug":"ushuaia-tuvo-el-primer-fin-de-semana-de-esqui-y-espera-una-gran-temporada-de-invierno","status":"publish","type":"post","link":"https:\/\/www.actualidadadiario.com\/index.php\/2023\/06\/26\/ushuaia-tuvo-el-primer-fin-de-semana-de-esqui-y-espera-una-gran-temporada-de-invierno\/","title":{"rendered":"Ushuaia tuvo el primer fin de semana de esqu\u00ed y espera una &#8220;gran temporada&#8221; de invierno"},"content":{"rendered":"<p style=\"text-align: center;\"><em><strong>Dante Querciali, presidente del Instituto Fueguino de Turismo, anticip\u00f3 que para este a\u00f1o se espera \u201cuna gran cantidad de turistas, tanto nacionales como extranjeros\u201d a lo que hay que sumarle el movimiento interno dentro de la provincia<\/strong><\/em><\/p>\n<p>&nbsp;<\/p>\n<p>&nbsp;<\/p>\n<p>La ciudad de Ushuaia tuvo su primer fin de semana de esqu\u00ed en el centro invernal \u201cCerro Castor\u201d, el m\u00e1s importante de la zona, y se prepara para una temporada tur\u00edstica de invierno con \u201cgran cantidad de visitantes\u201d, seg\u00fan anticiparon autoridades del Gobierno de Tierra del Fuego.<\/p>\n<p>El movimiento de esquiadores que se trasladan desde la capital fueguina hasta Cerro Castor, situado a unos 26 kil\u00f3metros de la ciudad sobre la ruta nacional N\u00ba3, comenz\u00f3 el viernes cuando el complejo abri\u00f3 sus puertas por primera vez desde el comienzo del invierno.<\/p>\n<p>El inicio de actividades en el centro invernal, junto con otros establecimientos pr\u00f3ximos donde se practica esqu\u00ed de fondo, hay trineos tirados por perros y motos de nieve, sirvi\u00f3 como puntapi\u00e9 inicial para una temporada que los operadores del sector califican como \u201calentadora\u201d.<\/p>\n<p>El presidente del Instituto Fueguino de Turismo (Infuetur), Dante Querciali, anticip\u00f3 que para este a\u00f1o se espera \u201cuna gran cantidad de turistas, tanto nacionales como extranjeros\u201d a lo que hay que sumarle el movimiento interno dentro de la provincia.<\/p>\n<p>&nbsp;<\/p>\n<p><strong>Fiesta Nacional del Invierno <\/strong><\/p>\n<p>Querciali dijo que el primer gran hito del invierno fueguino ser\u00e1 la realizaci\u00f3n de la Fiesta Nacional del Invierno que se llevar\u00e1 a cabo el s\u00e1bado 8 y domingo de julio, con la participaci\u00f3n del municipio y prestadores privados.<\/p>\n<p>El evento incluir\u00e1 actividades para toda la familia en la zona de los centros invernales y concluir\u00e1 el domingo 9 al atardecer con la tradicional bajada de antorchas que realizan esquiadores profesionales del Cerro Castor y del Club Andino Ushuaia.<\/p>\n<p>\u201cEsta tradici\u00f3n fueguina fue creciendo y este a\u00f1o fue declarada de inter\u00e9s nacional por el Ministerio de Turismo y Deportes de la Naci\u00f3n, lo que le otorga una distinci\u00f3n especial. Por eso estamos invitando a turistas y a residentes a vivir una verdadera fiesta en el marco de la apertura de temporada invernal en el Fin del Mundo\u201d, expres\u00f3 Querciali.<\/p>\n<p>Sobre la temporada de invierno, el funcionario sostuvo que &#8220;tenemos buenas expectativas de que habr\u00e1 una gran afluencia de visitantes de otros pa\u00edses, en especial de brasile\u00f1os que vienen a disfrutar de la nieve y de las m\u00faltiples actividades que brindan los centros de monta\u00f1a, agencias, operadores y prestadores de turismo&#8221;.<\/p>\n<p>En ese sentido, el titular del Infuetur agreg\u00f3 que Ushuaia cuenta &#8220;con servicios de hoteler\u00eda y gastronom\u00eda de calidad que enaltecen el destino, brindando una muy buena estad\u00eda a las personas que lo eligen. Tanto el sector privado como el p\u00fablico se est\u00e1n preparando para tener nuevamente una gran temporada invernal como lo venimos sosteniendo desde la reactivaci\u00f3n tras la pandemia&#8221;, indic\u00f3.<\/p>\n<p>Seg\u00fan Querciali, la Fiesta de la Nieve genera tambi\u00e9n &#8220;un gran impulso&#8221; y hace que los visitantes consulten y planeen su viaje en base a este acontecimiento.<\/p>\n<p>&nbsp;<\/p>\n<p><strong>Bombeo de nieve artificial <\/strong><\/p>\n<p>Por su parte el titular de Cerro Castor, Juan Carlos Begu\u00e9, destac\u00f3 que este a\u00f1o el complejo instal\u00f3 una nueva sala de bombeo de nieve artificial, pasando de tener dos a contar con seis.<\/p>\n<p>&#8220;Somos el centro del pa\u00eds que m\u00e1s superficie puede cubrir con sistema de nieve artificial en Sudam\u00e9rica. Adem\u00e1s, inauguramos una nueva pista de esqu\u00ed y en la base del cerro contamos con un escenario con audio e iluminaci\u00f3n para poder realizar espect\u00e1culos&#8221;, detall\u00f3 el empresario.<\/p>\n<p>Begu\u00e9 adelant\u00f3 que el a\u00f1o pr\u00f3ximo proyectan ampliar los medios de elevaci\u00f3n y la oferta gastron\u00f3mica.<\/p>\n<p>&#8220;El compromiso nuestro es seguir teniendo a\u00f1o a a\u00f1o un producto mejor, y seguir actualiz\u00e1ndonos&#8221;, finaliz\u00f3 el propietario del establecimiento en di\u00e1logo con medios fueguinos.<\/p>\n","protected":false},"excerpt":{"rendered":"<p>Dante Querciali, presidente del Instituto Fueguino de Turismo, anticip\u00f3 que para este a\u00f1o se espera \u201cuna gran cantidad de turistas, tanto nacionales como extranjeros\u201d a lo que hay que sumarle el movimiento interno dentro de la provincia &nbsp; &nbsp; La ciudad de Ushuaia tuvo su primer fin de semana de esqu\u00ed en el centro invernal \u201cCerro Castor\u201d, el m\u00e1s importante de la zona, y se prepara para una temporada tur\u00edstica de invierno con \u201cgran cantidad de visitantes\u201d, seg\u00fan anticiparon autoridades del Gobierno de Tierra del Fuego. El movimiento de esquiadores&#8230;<\/p>\n","protected":false},"author":3,"featured_media":103713,"comment_status":"closed","ping_status":"closed","sticky":false,"template":"","format":"standard","meta":[],"categories":[2],"tags":[],"_links":{"self":[{"href":"https:\/\/www.actualidadadiario.com\/index.php\/wp-json\/wp\/v2\/posts\/103712"}],"collection":[{"href":"https:\/\/www.actualidadadiario.com\/index.php\/wp-json\/wp\/v2\/posts"}],"about":[{"href":"https:\/\/www.actualidadadiario.com\/index.php\/wp-json\/wp\/v2\/types\/post"}],"author":[{"embeddable":true,"href":"https:\/\/www.actualidadadiario.com\/index.php\/wp-json\/wp\/v2\/users\/3"}],"replies":[{"embeddable":true,"href":"https:\/\/www.actualidadadiario.com\/index.php\/wp-json\/wp\/v2\/comments?post=103712"}],"version-history":[{"count":1,"href":"https:\/\/www.actualidadadiario.com\/index.php\/wp-json\/wp\/v2\/posts\/103712\/revisions"}],"predecessor-version":[{"id":103714,"href":"https:\/\/www.actualidadadiario.com\/index.php\/wp-json\/wp\/v2\/posts\/103712\/revisions\/103714"}],"wp:featuredmedia":[{"embeddable":true,"href":"https:\/\/www.actualidadadiario.com\/index.php\/wp-json\/wp\/v2\/media\/103713"}],"wp:attachment":[{"href":"https:\/\/www.actualidadadiario.com\/index.php\/wp-json\/wp\/v2\/media?parent=103712"}],"wp:term":[{"taxonomy":"category","embeddable":true,"href":"https:\/\/www.actualidadadiario.com\/index.php\/wp-json\/wp\/v2\/categories?post=103712"},{"taxonomy":"post_tag","embeddable":true,"href":"https:\/\/www.actualidadadiario.com\/index.php\/wp-json\/wp\/v2\/tags?post=103712"}],"curies":[{"name":"wp","href":"https:\/\/api.w.org\/{rel}","templated":true}]}}