{"id":103709,"date":"2023-06-26T12:49:26","date_gmt":"2023-06-26T15:49:26","guid":{"rendered":"https:\/\/www.actualidadadiario.com\/?p=103709"},"modified":"2023-06-26T12:49:26","modified_gmt":"2023-06-26T15:49:26","slug":"avanza-el-proceso-de-llenado-del-gasoducto-nestor-kirchner","status":"publish","type":"post","link":"https:\/\/www.actualidadadiario.com\/index.php\/2023\/06\/26\/avanza-el-proceso-de-llenado-del-gasoducto-nestor-kirchner\/","title":{"rendered":"Avanza el proceso de llenado del Gasoducto N\u00e9stor Kirchner"},"content":{"rendered":"<p style=\"text-align: center;\"><em><strong>Este domingo se habilit\u00f3 el tramo comprendido desde el kil\u00f3metro 29 hasta el 61. Restan otras cuatro etapas hasta la inauguraci\u00f3n del primer tramo del Gasoducto, que ser\u00e1 el 9 de julio<\/strong><\/em><\/p>\n<p>&nbsp;<\/p>\n<p>&nbsp;<\/p>\n<p>Tal como lo anunci\u00f3 la empresa estatal Energ\u00eda Argentina (Enarsa), este domingo comenz\u00f3 la segunda etapa del proceso de llenado del Gasoducto N\u00e9stor Kirchner. De esta manera, se habilit\u00f3 el tramo comprendido desde el kil\u00f3metro 29, donde termin\u00f3 la primera etapa iniciada el pasado martes 20 de junio, hasta el kil\u00f3metro 61.<\/p>\n<p>&#8220;Continuamos el llenado del #GasoductoPresidenteN\u00e9storKirchner. Hoy habilitamos el tramo comprendido entre los km 29 y 61. Seguimos adelante en el camino hacia la soberan\u00eda energ\u00e9tica con @Economia_Ar y @Energia_ar&#8221;, public\u00f3 Energ\u00eda Argentina en Twitter.<\/p>\n<p>La habilitaci\u00f3n parcial y progresiva, un procedimiento habitual en este tipo de operaciones, tiene por objetivo garantizar que el llenado homog\u00e9neo del ducto con gas natural desplace por completo el aire, y permite probar el funcionamiento de los sistemas de medici\u00f3n y regulaci\u00f3n de las plantas.<\/p>\n<p>&nbsp;<\/p>\n<p><strong>Cronograma y fecha de inauguraci\u00f3n<\/strong><\/p>\n<p>Las autoridades fijaron un cronograma de habilitaciones parciales del primer tramo de 573 kil\u00f3metros, trayecto que va desde Tratay\u00e9n, Neuqu\u00e9n, hasta Saliquel\u00f3, provincia de Buenos Aires.<\/p>\n<p>La siguiente etapa iniciar\u00e1 el martes 27, con la habilitaci\u00f3n del tramo comprendido entre los kil\u00f3metros 61 y 89. Posteriormente, quedar\u00e1n tres tramos antes de la inauguraci\u00f3n: el jueves 29 de junio comenzar\u00e1 a llenarse el trayecto que va desde el kil\u00f3metro 89 al 145. M\u00e1s adelante, el 4 de julio, ser\u00e1 la habilitaci\u00f3n del segmento que va del kil\u00f3metro 145 al 285.<\/p>\n<p>Finalmente, el s\u00e1bado 8 de julio se completar\u00e1 el tramo final -kil\u00f3metro 285 al 570- hasta la base del otro extremo del ca\u00f1o, ubicada en Salliquel\u00f3.<\/p>\n<p>De esta manera, el 9 de julio qued\u00f3 agendada formalmente la inauguraci\u00f3n oficial del primer tramo del Gasoducto Presidente N\u00e9stor Kirchner.<\/p>\n","protected":false},"excerpt":{"rendered":"<p>Este domingo se habilit\u00f3 el tramo comprendido desde el kil\u00f3metro 29 hasta el 61. Restan otras cuatro etapas hasta la inauguraci\u00f3n del primer tramo del Gasoducto, que ser\u00e1 el 9 de julio &nbsp; &nbsp; Tal como lo anunci\u00f3 la empresa estatal Energ\u00eda Argentina (Enarsa), este domingo comenz\u00f3 la segunda etapa del proceso de llenado del Gasoducto N\u00e9stor Kirchner. De esta manera, se habilit\u00f3 el tramo comprendido desde el kil\u00f3metro 29, donde termin\u00f3 la primera etapa iniciada el pasado martes 20 de junio, hasta el kil\u00f3metro 61. &#8220;Continuamos el llenado del&#8230;<\/p>\n","protected":false},"author":3,"featured_media":103710,"comment_status":"closed","ping_status":"closed","sticky":false,"template":"","format":"standard","meta":[],"categories":[2],"tags":[],"_links":{"self":[{"href":"https:\/\/www.actualidadadiario.com\/index.php\/wp-json\/wp\/v2\/posts\/103709"}],"collection":[{"href":"https:\/\/www.actualidadadiario.com\/index.php\/wp-json\/wp\/v2\/posts"}],"about":[{"href":"https:\/\/www.actualidadadiario.com\/index.php\/wp-json\/wp\/v2\/types\/post"}],"author":[{"embeddable":true,"href":"https:\/\/www.actualidadadiario.com\/index.php\/wp-json\/wp\/v2\/users\/3"}],"replies":[{"embeddable":true,"href":"https:\/\/www.actualidadadiario.com\/index.php\/wp-json\/wp\/v2\/comments?post=103709"}],"version-history":[{"count":1,"href":"https:\/\/www.actualidadadiario.com\/index.php\/wp-json\/wp\/v2\/posts\/103709\/revisions"}],"predecessor-version":[{"id":103711,"href":"https:\/\/www.actualidadadiario.com\/index.php\/wp-json\/wp\/v2\/posts\/103709\/revisions\/103711"}],"wp:featuredmedia":[{"embeddable":true,"href":"https:\/\/www.actualidadadiario.com\/index.php\/wp-json\/wp\/v2\/media\/103710"}],"wp:attachment":[{"href":"https:\/\/www.actualidadadiario.com\/index.php\/wp-json\/wp\/v2\/media?parent=103709"}],"wp:term":[{"taxonomy":"category","embeddable":true,"href":"https:\/\/www.actualidadadiario.com\/index.php\/wp-json\/wp\/v2\/categories?post=103709"},{"taxonomy":"post_tag","embeddable":true,"href":"https:\/\/www.actualidadadiario.com\/index.php\/wp-json\/wp\/v2\/tags?post=103709"}],"curies":[{"name":"wp","href":"https:\/\/api.w.org\/{rel}","templated":true}]}}