{"id":103694,"date":"2023-06-24T14:46:21","date_gmt":"2023-06-24T17:46:21","guid":{"rendered":"https:\/\/www.actualidadadiario.com\/?p=103694"},"modified":"2023-06-24T14:46:21","modified_gmt":"2023-06-24T17:46:21","slug":"rusia-la-rebelion-de-los-mercenarios-de-wagner","status":"publish","type":"post","link":"https:\/\/www.actualidadadiario.com\/index.php\/2023\/06\/24\/rusia-la-rebelion-de-los-mercenarios-de-wagner\/","title":{"rendered":"Rusia: la rebeli\u00f3n de los mercenarios de Wagner"},"content":{"rendered":"<p style=\"text-align: center;\"><em><strong>El jefe del grupo de milicianos privado, Yevgueni Prigozhin, anunci\u00f3 la toma de un cuartel en Rostov. El presidente ruso calific\u00f3 al hecho de traici\u00f3n. Confusa situaci\u00f3n en el pa\u00eds<\/strong><\/em><\/p>\n<p>&nbsp;<\/p>\n<p>&nbsp;<\/p>\n<p>Una a\u00fan confusa situaci\u00f3n se vive en Rusia luego de un levantamiento de las tropas del grupo Wagner contra el mando militar del gobierno de Vladimir Putin. El l\u00edder de las milicias de mercenarios privados, Yevgueni Prigozhin, que tiene un historial de cr\u00edticas contra el mando de la operaci\u00f3n militar en Ucrania desde el principio, anunci\u00f3 en su cuenta de Telegram que est\u00e1 \u201cdispuesto a llegar hasta el final\u201d en su campa\u00f1a para lograr el control militar del pa\u00eds tras anunciar la toma del cuartel general del ej\u00e9rcito ruso en Rostov, centro neur\u00e1lgico donde se concentran las operaciones en Ucrania. En un discurso a la naci\u00f3n, el presidente Vladimir Putin reconoci\u00f3 que la situaci\u00f3n en esa base es cr\u00edtica y afirm\u00f3 que \u00abtodos los que deliberadamente tomaron el camino de la traici\u00f3n, los que prepararon el mot\u00edn armado, tomaron el camino de la rebeli\u00f3n y los m\u00e9todos terroristas, sufrir\u00e1n un castigo inevitable, responder\u00e1n ante la justicia y ante nuestro pueblo\u00bb.<\/p>\n<p>La rebeli\u00f3n de Wagner, una empresa de servicios militares privada que desde el 24F de 2022 est\u00e1 en la primera l\u00ednea de combate de las incursiones militares en Ucrania, es el punto final de una serie de acciones medi\u00e1ticas de Prigozhin -un empresario gastron\u00f3mico devenido en due\u00f1o de la organizaci\u00f3n de mercenarios- que a trav\u00e9s de las redes sociales, fundamentalmente Telegram, viene desafiando a los jefes de las tropas regulares. Sus intervenciones se parecieron mucho hasta ahora a una competencia por llevarse los laureles de la operaci\u00f3n militar, pero ahora sus aspiraciones parecen picar m\u00e1s alto.<\/p>\n<p>La rebeli\u00f3n lleg\u00f3 en un momento en que en Dinamarca se comenzaba a desarrollar una muy discreta reuni\u00f3n para discutir alguna propuesta de paz entre Rusia y Ucrania auspiciada por Kiev. Seg\u00fan informa la agencia AFP, el presidente Lula da Silva confirm\u00f3 desde Paris, donde realiza una visita de Estado, que su enviado Celso Amorim asiste a ese encuentro en Copenhague. Tambi\u00e9n est\u00e1n en la lista el director general de Relaciones Exteriores sudafricano, Zane Dangor, tambi\u00e9n estar\u00e1 presente dignatarios de Sud\u00e1frica, China y Turqu\u00eda y la OTAN asegur\u00f3 que enviar\u00e1 a altos funcionarios.<\/p>\n<p>El mandatario ucraniano, Volodimir Zelenski, aprovech\u00f3 la situaci\u00f3n del otro lado de la frontera para destacar que \u201cla debilidad de Rusia es evidente\u201d y calific\u00f3 al levantamiento de los Wagner como una muestra de que el gobierno de Putin est\u00e1 sumido en un caos. \u00abUcrania es capaz de proteger a Europa de una contaminaci\u00f3n del mal y el caos ruso\u00bb, se envalenton\u00f3, para agregar, en tono b\u00edblico, que \u00abquien elige el camino del mal se autodestruye\u00bb.<\/p>\n<p>Putin, a su vez, dijo que el anuncio de Prigozhin es \u201cuna pu\u00f1alada en la espalda\u201d y agreg\u00f3 que \u201clas ambiciones exorbitantes e intereses personales llevaron a la traici\u00f3n contra el pa\u00eds y el pueblo, as\u00ed como contra la causa com\u00fan, por la cual, los soldados y comandantes del grupo Wagner lucharon y murieron codo a codo con otras nuestras unidades\u00bb. Luego dijo que no permitir\u00e1 que se repitan situaciones como las que llevaron a la guerra civil en 1917. \u201cProtegeremos a nuestro pueblo como a nuestro Estado de cualquier amenaza\u201d.<\/p>\n<p>Mientras tanto, la regi\u00f3n de Mosc\u00fa \u2013la ciudad capital y el oblast- decretaron el r\u00e9gimen antiterrorista. Igual decisi\u00f3n se tom\u00f3 en la provincia rusa de Voronezh. El Ministerio de Defensa ruso, en tanto, inform\u00f3 que las tropas regulares de las Fuerzas Armadas \u00abcontin\u00faan cumpliendo sus tareas de combate en la l\u00ednea de contacto con las tropas de Ucrania en la zona de la operaci\u00f3n militar especial\u201d.<\/p>\n<p>Prigozhin, por su parte, insisti\u00f3 en que sus milicianos ingresaron en Rusia para deponer al mando militar junto con sus 25.000 efectivos. \u00abTodos nosotros estamos listos para morir. Todos los 25.000 y luego otros 25.000\u00bb, recalc\u00f3 el due\u00f1o de Wagner. \u00abEstamos muriendo por el pueblo ruso, que debe ser liberado de quienes bombardean a la poblaci\u00f3n civil\u00bb.<\/p>\n","protected":false},"excerpt":{"rendered":"<p>El jefe del grupo de milicianos privado, Yevgueni Prigozhin, anunci\u00f3 la toma de un cuartel en Rostov. El presidente ruso calific\u00f3 al hecho de traici\u00f3n. Confusa situaci\u00f3n en el pa\u00eds &nbsp; &nbsp; Una a\u00fan confusa situaci\u00f3n se vive en Rusia luego de un levantamiento de las tropas del grupo Wagner contra el mando militar del gobierno de Vladimir Putin. El l\u00edder de las milicias de mercenarios privados, Yevgueni Prigozhin, que tiene un historial de cr\u00edticas contra el mando de la operaci\u00f3n militar en Ucrania desde el principio, anunci\u00f3 en su&#8230;<\/p>\n","protected":false},"author":3,"featured_media":103695,"comment_status":"closed","ping_status":"closed","sticky":false,"template":"","format":"standard","meta":[],"categories":[4],"tags":[],"_links":{"self":[{"href":"https:\/\/www.actualidadadiario.com\/index.php\/wp-json\/wp\/v2\/posts\/103694"}],"collection":[{"href":"https:\/\/www.actualidadadiario.com\/index.php\/wp-json\/wp\/v2\/posts"}],"about":[{"href":"https:\/\/www.actualidadadiario.com\/index.php\/wp-json\/wp\/v2\/types\/post"}],"author":[{"embeddable":true,"href":"https:\/\/www.actualidadadiario.com\/index.php\/wp-json\/wp\/v2\/users\/3"}],"replies":[{"embeddable":true,"href":"https:\/\/www.actualidadadiario.com\/index.php\/wp-json\/wp\/v2\/comments?post=103694"}],"version-history":[{"count":1,"href":"https:\/\/www.actualidadadiario.com\/index.php\/wp-json\/wp\/v2\/posts\/103694\/revisions"}],"predecessor-version":[{"id":103696,"href":"https:\/\/www.actualidadadiario.com\/index.php\/wp-json\/wp\/v2\/posts\/103694\/revisions\/103696"}],"wp:featuredmedia":[{"embeddable":true,"href":"https:\/\/www.actualidadadiario.com\/index.php\/wp-json\/wp\/v2\/media\/103695"}],"wp:attachment":[{"href":"https:\/\/www.actualidadadiario.com\/index.php\/wp-json\/wp\/v2\/media?parent=103694"}],"wp:term":[{"taxonomy":"category","embeddable":true,"href":"https:\/\/www.actualidadadiario.com\/index.php\/wp-json\/wp\/v2\/categories?post=103694"},{"taxonomy":"post_tag","embeddable":true,"href":"https:\/\/www.actualidadadiario.com\/index.php\/wp-json\/wp\/v2\/tags?post=103694"}],"curies":[{"name":"wp","href":"https:\/\/api.w.org\/{rel}","templated":true}]}}