{"id":103684,"date":"2023-06-24T14:40:11","date_gmt":"2023-06-24T17:40:11","guid":{"rendered":"https:\/\/www.actualidadadiario.com\/?p=103684"},"modified":"2023-06-24T14:41:05","modified_gmt":"2023-06-24T17:41:05","slug":"gracias-wadito-querido-el-primer-tuit-de-sergio-massa-como-candidato-a-presidente","status":"publish","type":"post","link":"https:\/\/www.actualidadadiario.com\/index.php\/2023\/06\/24\/gracias-wadito-querido-el-primer-tuit-de-sergio-massa-como-candidato-a-presidente\/","title":{"rendered":"&#8220;Gracias Wadito querido&#8221;, el primer tuit de Sergio Massa como candidato a Presidente"},"content":{"rendered":"<p style=\"text-align: center;\"><em><strong>El ministro de Econom\u00eda agradeci\u00f3 a su colega de Interior &#8220;por tu esfuerzo y la unidad&#8221; en la construcci\u00f3n de candidaturas de Uni\u00f3n por la Patria<\/strong><\/em><\/p>\n<p>&nbsp;<\/p>\n<p>&nbsp;<\/p>\n<p>El ministro de Econom\u00eda y precandidato a presidente de Uni\u00f3n por la Patria (UxP), Sergio Massa, agradeci\u00f3 este s\u00e1bado a su colega de Interior, Eduardo &#8220;Wado&#8221; de Pedro, por su &#8220;esfuerzo y la unidad&#8221;, al declinar su propia postulaci\u00f3n presidencial de cara a las elecciones 2023.<\/p>\n<p>&#8220;Gracias Wadito querido. Por tu esfuerzo y la unidad, aun cuando estabas frente a tu propio desaf\u00edo. Ojal\u00e1 todos los compa\u00f1eros y compa\u00f1eras se enteren del esfuerzo que hiciste. \u00a1Unidos por la Patria!&#8221;, public\u00f3 Massa en Twitter, en su primera declaraci\u00f3n p\u00fablica tras anunciarse anoche el binomio que integrar\u00e1 junto a Agust\u00edn Rossi.<\/p>\n<p>La publicaci\u00f3n de Massa fue en respuesta a un tuit anterior de De Pedro, en el que hab\u00eda expresado su apoyo a la f\u00f3rmula de consenso anunciada anoche. &#8220;El pa\u00eds enfrenta grandes desaf\u00edos. Siempre fui un militante y seguir\u00e9 aportando a este proyecto desde el lugar que me toque, sin personalismos ni ego\u00edsmos. Vamos a construir la victoria de Sergio Massa presidente y Axel Kicillof gobernador&#8221;, afirm\u00f3 De Pedro.<\/p>\n","protected":false},"excerpt":{"rendered":"<p>El ministro de Econom\u00eda agradeci\u00f3 a su colega de Interior &#8220;por tu esfuerzo y la unidad&#8221; en la construcci\u00f3n de candidaturas de Uni\u00f3n por la Patria &nbsp; &nbsp; El ministro de Econom\u00eda y precandidato a presidente de Uni\u00f3n por la Patria (UxP), Sergio Massa, agradeci\u00f3 este s\u00e1bado a su colega de Interior, Eduardo &#8220;Wado&#8221; de Pedro, por su &#8220;esfuerzo y la unidad&#8221;, al declinar su propia postulaci\u00f3n presidencial de cara a las elecciones 2023. &#8220;Gracias Wadito querido. Por tu esfuerzo y la unidad, aun cuando estabas frente a tu propio&#8230;<\/p>\n","protected":false},"author":3,"featured_media":103685,"comment_status":"closed","ping_status":"closed","sticky":false,"template":"","format":"standard","meta":[],"categories":[18],"tags":[],"_links":{"self":[{"href":"https:\/\/www.actualidadadiario.com\/index.php\/wp-json\/wp\/v2\/posts\/103684"}],"collection":[{"href":"https:\/\/www.actualidadadiario.com\/index.php\/wp-json\/wp\/v2\/posts"}],"about":[{"href":"https:\/\/www.actualidadadiario.com\/index.php\/wp-json\/wp\/v2\/types\/post"}],"author":[{"embeddable":true,"href":"https:\/\/www.actualidadadiario.com\/index.php\/wp-json\/wp\/v2\/users\/3"}],"replies":[{"embeddable":true,"href":"https:\/\/www.actualidadadiario.com\/index.php\/wp-json\/wp\/v2\/comments?post=103684"}],"version-history":[{"count":1,"href":"https:\/\/www.actualidadadiario.com\/index.php\/wp-json\/wp\/v2\/posts\/103684\/revisions"}],"predecessor-version":[{"id":103686,"href":"https:\/\/www.actualidadadiario.com\/index.php\/wp-json\/wp\/v2\/posts\/103684\/revisions\/103686"}],"wp:featuredmedia":[{"embeddable":true,"href":"https:\/\/www.actualidadadiario.com\/index.php\/wp-json\/wp\/v2\/media\/103685"}],"wp:attachment":[{"href":"https:\/\/www.actualidadadiario.com\/index.php\/wp-json\/wp\/v2\/media?parent=103684"}],"wp:term":[{"taxonomy":"category","embeddable":true,"href":"https:\/\/www.actualidadadiario.com\/index.php\/wp-json\/wp\/v2\/categories?post=103684"},{"taxonomy":"post_tag","embeddable":true,"href":"https:\/\/www.actualidadadiario.com\/index.php\/wp-json\/wp\/v2\/tags?post=103684"}],"curies":[{"name":"wp","href":"https:\/\/api.w.org\/{rel}","templated":true}]}}