{"id":103679,"date":"2023-06-24T14:01:23","date_gmt":"2023-06-24T17:01:23","guid":{"rendered":"https:\/\/www.actualidadadiario.com\/?p=103679"},"modified":"2023-06-24T14:53:49","modified_gmt":"2023-06-24T17:53:49","slug":"quienes-son-los-candidatos-confirmados-que-competiran-en-las-paso","status":"publish","type":"post","link":"https:\/\/www.actualidadadiario.com\/index.php\/2023\/06\/24\/quienes-son-los-candidatos-confirmados-que-competiran-en-las-paso\/","title":{"rendered":"Estas son las 11 f\u00f3rmulas presidenciales confirmadas"},"content":{"rendered":"<p style=\"text-align: center;\"><em><strong>Tal como establece el calendario electoral, este s\u00e1bado vence el per\u00edodo para anotar postulaciones para las PASO<\/strong><\/em><\/p>\n<p>&nbsp;<\/p>\n<p>&nbsp;<\/p>\n<p>Los frentes electorales tendr\u00e1n horas agitadas hasta que el reloj marque las 00, ya que en ese momento cerrar\u00e1 el plazo para inscribir precandidaturas, y reci\u00e9n despu\u00e9s podr\u00e1 clarificarse el panorama electoral.<\/p>\n<p>Tal como establece el calendario electoral, este s\u00e1bado vence el per\u00edodo para anotar postulaciones para las elecciones Primarias, Abiertas, Simult\u00e1neas y Obligatorias (PASO) del domingo 13 de agosto.<\/p>\n<p>&nbsp;<\/p>\n<p><strong>Estas son las 11 f\u00f3rmulas presidenciales confirmadas hasta ahora:<\/strong><\/p>\n<ol>\n<li>Sergio Massa-Agust\u00edn Rossi (Uni\u00f3n por la Patria)<\/li>\n<li>Horacio Rodr\u00edguez Larreta-Gerardo Morales (Juntos por el Cambio)<\/li>\n<li>Patricia Bullrich-Luis Petri (Juntos por el Cambio)<\/li>\n<li>Javier Milei y Victoria Villarruel (La Libertad Avanza).<\/li>\n<li>Juan Schiaretti-Florencio Randazzo (Hacemos por nuestro pa\u00eds)<\/li>\n<li>Myriam Bregman-Nicol\u00e1s del Ca\u00f1o (Frente de Izquierda y los Trabajadores-Unidad (FITU))<\/li>\n<li>Gabriel Solano-Vilma Ripoll (Frente de Izquierda y los Trabajadores-Unidad (FITU))<\/li>\n<li>Marcelo Ramal-Patricia Urones (Pol\u00edtica Obrera)<\/li>\n<li>Manuela Casta\u00f1eira-Lucas Ruiz (Nuevo MAS)<\/li>\n<li>Jes\u00fas Escobar-Marianella Lezama Hid (Libres del Sur)<\/li>\n<li>Guillermo Moreno-Leonardo Fabre (Principios y Valores)<\/li>\n<\/ol>\n<p>&nbsp;<\/p>\n<p><strong>Las inc\u00f3gnitas pendientes<\/strong><\/p>\n<p>En horas del mediod\u00eda, el diputado nacional de la UCR Facundo Manes dio a conocer que finalmente no se presentar\u00e1 en las PASO de Juntos por el Cambio.As\u00ed, la \u00fanica inc\u00f3gnita en JxC que queda es ver si ratifica sus intenciones la l\u00edder de la Coalici\u00f3n C\u00edvica-ARI, Elisa Carri\u00f3, quien desliz\u00f3 que competir\u00e1.<\/p>\n<p>No se debe descartar que sobre la hora aparezca alguna otra f\u00f3rmula de partidos o alianzas menores.<\/p>\n","protected":false},"excerpt":{"rendered":"<p>Tal como establece el calendario electoral, este s\u00e1bado vence el per\u00edodo para anotar postulaciones para las PASO &nbsp; &nbsp; Los frentes electorales tendr\u00e1n horas agitadas hasta que el reloj marque las 00, ya que en ese momento cerrar\u00e1 el plazo para inscribir precandidaturas, y reci\u00e9n despu\u00e9s podr\u00e1 clarificarse el panorama electoral. Tal como establece el calendario electoral, este s\u00e1bado vence el per\u00edodo para anotar postulaciones para las elecciones Primarias, Abiertas, Simult\u00e1neas y Obligatorias (PASO) del domingo 13 de agosto. &nbsp; Estas son las 11 f\u00f3rmulas presidenciales confirmadas hasta ahora: Sergio&#8230;<\/p>\n","protected":false},"author":3,"featured_media":100666,"comment_status":"closed","ping_status":"closed","sticky":false,"template":"","format":"standard","meta":[],"categories":[9],"tags":[],"_links":{"self":[{"href":"https:\/\/www.actualidadadiario.com\/index.php\/wp-json\/wp\/v2\/posts\/103679"}],"collection":[{"href":"https:\/\/www.actualidadadiario.com\/index.php\/wp-json\/wp\/v2\/posts"}],"about":[{"href":"https:\/\/www.actualidadadiario.com\/index.php\/wp-json\/wp\/v2\/types\/post"}],"author":[{"embeddable":true,"href":"https:\/\/www.actualidadadiario.com\/index.php\/wp-json\/wp\/v2\/users\/3"}],"replies":[{"embeddable":true,"href":"https:\/\/www.actualidadadiario.com\/index.php\/wp-json\/wp\/v2\/comments?post=103679"}],"version-history":[{"count":3,"href":"https:\/\/www.actualidadadiario.com\/index.php\/wp-json\/wp\/v2\/posts\/103679\/revisions"}],"predecessor-version":[{"id":103704,"href":"https:\/\/www.actualidadadiario.com\/index.php\/wp-json\/wp\/v2\/posts\/103679\/revisions\/103704"}],"wp:featuredmedia":[{"embeddable":true,"href":"https:\/\/www.actualidadadiario.com\/index.php\/wp-json\/wp\/v2\/media\/100666"}],"wp:attachment":[{"href":"https:\/\/www.actualidadadiario.com\/index.php\/wp-json\/wp\/v2\/media?parent=103679"}],"wp:term":[{"taxonomy":"category","embeddable":true,"href":"https:\/\/www.actualidadadiario.com\/index.php\/wp-json\/wp\/v2\/categories?post=103679"},{"taxonomy":"post_tag","embeddable":true,"href":"https:\/\/www.actualidadadiario.com\/index.php\/wp-json\/wp\/v2\/tags?post=103679"}],"curies":[{"name":"wp","href":"https:\/\/api.w.org\/{rel}","templated":true}]}}