{"id":103676,"date":"2023-06-24T13:51:39","date_gmt":"2023-06-24T16:51:39","guid":{"rendered":"https:\/\/www.actualidadadiario.com\/?p=103676"},"modified":"2023-06-24T13:51:39","modified_gmt":"2023-06-24T16:51:39","slug":"hay-unidad-massa-y-rossi-seran-los-candidatos-de-union-por-la-patria","status":"publish","type":"post","link":"https:\/\/www.actualidadadiario.com\/index.php\/2023\/06\/24\/hay-unidad-massa-y-rossi-seran-los-candidatos-de-union-por-la-patria\/","title":{"rendered":"Hay unidad: Massa y Rossi ser\u00e1n los candidatos de Uni\u00f3n por la Patria"},"content":{"rendered":"<p style=\"text-align: center;\"><em><strong>El oficialismo acord\u00f3 una lista de unidad y no habr\u00e1 PASO en agosto. De Pedro y Scioli declinaron sus precandidaturas, pero Grabois asegura que competir\u00e1<\/strong><\/em><\/p>\n<p>&nbsp;<\/p>\n<p>&nbsp;<\/p>\n<p>En un giro de 180 grados en la estrategia, el ministro de Econom\u00eda, Sergio Massa, ser\u00e1 el candidato a presidente de Uni\u00f3n por Todos en f\u00f3rmula con el jefe de Gabinete, Agust\u00edn Rossi.<\/p>\n<p>Luego de intensas y arduas negociaciones durante toda la jornada, el oficialismo logr\u00f3 una lista de unidad y evitar\u00e1 las primarias en pr\u00f3ximo 13 de agosto.<\/p>\n<p>El titular del Palacio de Hacienda encabezar\u00e1 la f\u00f3rmula avalada por Cristina Kirchner y Alberto Fern\u00e1ndez junto al santafesino, que en las \u00faltimas horas sonaba como posible vice de Daniel Sioli.<\/p>\n<p>El embajador en Brasil y el ministro del Interior, Eduardo &#8220;Wado&#8221; De Pedro, desistieron de sus candidaturas para lograr una lista \u00fanica.<\/p>\n<p>&#8220;Uni\u00f3n por la Patria tiene lista de UNIDAD. Por responsabilidad institucional, pol\u00edtica y social, nuestro espacio ha decido conformar una lista de unidad que nos representar\u00e1 en las pr\u00f3ximas elecciones&#8221;, anunci\u00f3 el frente en su cuenta de Twitter.<\/p>\n<p>La cuenta oficial del oficialismo agreg\u00f3: &#8220;Nuestro candidato a presidente ser\u00e1 @SergioMassa y lo acompa\u00f1ar\u00e1 como candidato a vicepresidente @RossiAgustinOK&#8221;.<\/p>\n<p>&#8220;Reconocemos a los compa\u00f1eros @wadodecorrido y @danielscioli, que apostaron a la unidad del peronismo anteponiendo lo colectivo por sobre lo individual&#8221;, agreg\u00f3 el espacio.<\/p>\n<p>La decisi\u00f3n anunciada en redes sociales se conoci\u00f3 luego de que la vicepresidenta Cristina Kirchner se reuniera en el Senado con Massa y De Pedro, por separado.<\/p>\n<p>Ese encuentro que se mantuvo en estricto hermetismo fue clave a la hora de destrabar la negociaci\u00f3n y abrir la posibilidad de una candidatura \u00fanica, algo que era alentado por Massa.<\/p>\n<p>La vicepresidenta tambi\u00e9n dialog\u00f3 con el presidente Alberto Fern\u00e1ndez antes de definir junto a Massa el rumbo de la estrategia de Uni\u00f3n por la Patria.<\/p>\n<p>Este jueves el ministro del Interior hab\u00eda oficializado su postulaci\u00f3n y Scioli, por su parte, hab\u00eda hecho lo mismo con un acto junto a candidatos.<\/p>\n<p>Adem\u00e1s, el gobernador de Tucum\u00e1n, Juan Manzur, sali\u00f3 a instalar que iba a ser el candidato a vice de De Pedro. Incluso, grab\u00f3 un spot similar de lanzamiento del titular de Interior.<\/p>\n<p>A 24 horas del cierre de listas, se conoci\u00f3 la decisi\u00f3n de eludir las primarias y que el \u00fanico candidato ser\u00e1 Massa, a quien ahora acompa\u00f1ar\u00e1n todos los sectores con la idea de fortalecer su f\u00f3rmula junto a Rossi.<\/p>\n<p>Ahora queda por delante la dif\u00edcil tarea de entablar acuerdos entre todos los sectores por el armado de las listas de legisladores nacionales, cargos que deben repartirse entre todos los socios del oficialismo.<\/p>\n<p>Fuentes cercanas a Scioli se\u00f1alaron, al respecto, que el ex gobernador bonaerense no pidi\u00f3 otro cargo tras decidir acompa\u00f1ar la lista de unidad.<\/p>\n<p>Tras el anuncio del binomio, dirigentes oficialistas de todo el pa\u00eds salieron a apoyar la decisi\u00f3n y felicitar a Massa y Rossi.<\/p>\n<p>El \u00fanico que se mostr\u00f3 disconforme fue el l\u00edder de Patria Grande Juan Grabois, que anunci\u00f3 que competir\u00e1 en la interna. Horas antes se hab\u00eda bajado, cuando el candidato era De Pedro.<\/p>\n","protected":false},"excerpt":{"rendered":"<p>El oficialismo acord\u00f3 una lista de unidad y no habr\u00e1 PASO en agosto. De Pedro y Scioli declinaron sus precandidaturas, pero Grabois asegura que competir\u00e1 &nbsp; &nbsp; En un giro de 180 grados en la estrategia, el ministro de Econom\u00eda, Sergio Massa, ser\u00e1 el candidato a presidente de Uni\u00f3n por Todos en f\u00f3rmula con el jefe de Gabinete, Agust\u00edn Rossi. Luego de intensas y arduas negociaciones durante toda la jornada, el oficialismo logr\u00f3 una lista de unidad y evitar\u00e1 las primarias en pr\u00f3ximo 13 de agosto. El titular del Palacio&#8230;<\/p>\n","protected":false},"author":3,"featured_media":103677,"comment_status":"closed","ping_status":"closed","sticky":false,"template":"","format":"standard","meta":[],"categories":[9],"tags":[],"_links":{"self":[{"href":"https:\/\/www.actualidadadiario.com\/index.php\/wp-json\/wp\/v2\/posts\/103676"}],"collection":[{"href":"https:\/\/www.actualidadadiario.com\/index.php\/wp-json\/wp\/v2\/posts"}],"about":[{"href":"https:\/\/www.actualidadadiario.com\/index.php\/wp-json\/wp\/v2\/types\/post"}],"author":[{"embeddable":true,"href":"https:\/\/www.actualidadadiario.com\/index.php\/wp-json\/wp\/v2\/users\/3"}],"replies":[{"embeddable":true,"href":"https:\/\/www.actualidadadiario.com\/index.php\/wp-json\/wp\/v2\/comments?post=103676"}],"version-history":[{"count":1,"href":"https:\/\/www.actualidadadiario.com\/index.php\/wp-json\/wp\/v2\/posts\/103676\/revisions"}],"predecessor-version":[{"id":103678,"href":"https:\/\/www.actualidadadiario.com\/index.php\/wp-json\/wp\/v2\/posts\/103676\/revisions\/103678"}],"wp:featuredmedia":[{"embeddable":true,"href":"https:\/\/www.actualidadadiario.com\/index.php\/wp-json\/wp\/v2\/media\/103677"}],"wp:attachment":[{"href":"https:\/\/www.actualidadadiario.com\/index.php\/wp-json\/wp\/v2\/media?parent=103676"}],"wp:term":[{"taxonomy":"category","embeddable":true,"href":"https:\/\/www.actualidadadiario.com\/index.php\/wp-json\/wp\/v2\/categories?post=103676"},{"taxonomy":"post_tag","embeddable":true,"href":"https:\/\/www.actualidadadiario.com\/index.php\/wp-json\/wp\/v2\/tags?post=103676"}],"curies":[{"name":"wp","href":"https:\/\/api.w.org\/{rel}","templated":true}]}}