{"id":103673,"date":"2023-06-24T13:44:43","date_gmt":"2023-06-24T16:44:43","guid":{"rendered":"https:\/\/www.actualidadadiario.com\/?p=103673"},"modified":"2023-06-24T13:44:43","modified_gmt":"2023-06-24T16:44:43","slug":"juntos-sintio-el-golpe-por-la-candidatura-de-massa-y-salio-a-criticarlo","status":"publish","type":"post","link":"https:\/\/www.actualidadadiario.com\/index.php\/2023\/06\/24\/juntos-sintio-el-golpe-por-la-candidatura-de-massa-y-salio-a-criticarlo\/","title":{"rendered":"Juntos sinti\u00f3 el golpe por la candidatura de Massa y sali\u00f3 a criticarlo"},"content":{"rendered":"<p style=\"text-align: center;\"><em><strong>El ministro le muerde el voto de centro a la coalici\u00f3n opositora y les complica los acuerdos subterr\u00e1neos con los gobernadores peronistas<\/strong><\/em><\/p>\n<p>&nbsp;<\/p>\n<p>&nbsp;<\/p>\n<p>El acuerdo de unidad del peronismo que coron\u00f3 a Sergio Massa como candidato a la presidencia golpe\u00f3 fuerte en Juntos, que ya daba por descontado un tercer y cuarto lugar para las f\u00f3rmulas de Wado y Scioli.<\/p>\n<p>La candidatura de Massa es una mala noticia para la coalici\u00f3n opositora porque el peronismo unido lo ubica por encima de los veinte puntos y en condiciones de pelear el primer puesto en la PASO, ante la divisi\u00f3n de voto de Juntos entre Bullrich y Larreta.<\/p>\n<p>Pero adem\u00e1s el ministro de Econom\u00eda les muerde el voto de centro y tiene el respaldo de una parte importante del poder real, empresarios, justicia, medios, Estados Unidos, que este viernes vivieron su designaci\u00f3n con optimismo.<\/p>\n<p>De inmediato, Patricia Bullrich y Mar\u00eda Eugenia Vidal salieron a cuestionarlo. &#8220;El incendiario se postula como bombero&#8221;, sentenci\u00f3 Bullrich por Twitter. Minutos antes, la exministra hab\u00eda dicho a los medios: &#8220;Hace un rato, Luis Petri hab\u00eda dicho que el gobierno es la tripulaci\u00f3n del Titanic. Bueno, este es el piloto de Titanic (en referencia a Massa). 104% de inflaci\u00f3n, un desastre la econom\u00eda. Vino a tratar de ayudar y destruy\u00f3 mucho m\u00e1s la vida de los argentinos&#8221;, sostuvo.<\/p>\n<p>Pero acaso el m\u00e1s preocupado sea Larreta. Massa por su buena llegada a los gobernadores peronistas le complica al jefe de Gobierno un acercamiento que los mandatarios hab\u00edan empezado a esbozar cuando se enteraron que el candidato era Wado de Pedro.<\/p>\n<p>&#8220;Estaban de nuevo con lo de Larreta presidente, pero ahora eso se termin\u00f3&#8221;, dijo un dirigente cercano a Massa.<\/p>\n","protected":false},"excerpt":{"rendered":"<p>El ministro le muerde el voto de centro a la coalici\u00f3n opositora y les complica los acuerdos subterr\u00e1neos con los gobernadores peronistas &nbsp; &nbsp; El acuerdo de unidad del peronismo que coron\u00f3 a Sergio Massa como candidato a la presidencia golpe\u00f3 fuerte en Juntos, que ya daba por descontado un tercer y cuarto lugar para las f\u00f3rmulas de Wado y Scioli. La candidatura de Massa es una mala noticia para la coalici\u00f3n opositora porque el peronismo unido lo ubica por encima de los veinte puntos y en condiciones de pelear&#8230;<\/p>\n","protected":false},"author":3,"featured_media":103674,"comment_status":"closed","ping_status":"closed","sticky":false,"template":"","format":"standard","meta":[],"categories":[18],"tags":[],"_links":{"self":[{"href":"https:\/\/www.actualidadadiario.com\/index.php\/wp-json\/wp\/v2\/posts\/103673"}],"collection":[{"href":"https:\/\/www.actualidadadiario.com\/index.php\/wp-json\/wp\/v2\/posts"}],"about":[{"href":"https:\/\/www.actualidadadiario.com\/index.php\/wp-json\/wp\/v2\/types\/post"}],"author":[{"embeddable":true,"href":"https:\/\/www.actualidadadiario.com\/index.php\/wp-json\/wp\/v2\/users\/3"}],"replies":[{"embeddable":true,"href":"https:\/\/www.actualidadadiario.com\/index.php\/wp-json\/wp\/v2\/comments?post=103673"}],"version-history":[{"count":1,"href":"https:\/\/www.actualidadadiario.com\/index.php\/wp-json\/wp\/v2\/posts\/103673\/revisions"}],"predecessor-version":[{"id":103675,"href":"https:\/\/www.actualidadadiario.com\/index.php\/wp-json\/wp\/v2\/posts\/103673\/revisions\/103675"}],"wp:featuredmedia":[{"embeddable":true,"href":"https:\/\/www.actualidadadiario.com\/index.php\/wp-json\/wp\/v2\/media\/103674"}],"wp:attachment":[{"href":"https:\/\/www.actualidadadiario.com\/index.php\/wp-json\/wp\/v2\/media?parent=103673"}],"wp:term":[{"taxonomy":"category","embeddable":true,"href":"https:\/\/www.actualidadadiario.com\/index.php\/wp-json\/wp\/v2\/categories?post=103673"},{"taxonomy":"post_tag","embeddable":true,"href":"https:\/\/www.actualidadadiario.com\/index.php\/wp-json\/wp\/v2\/tags?post=103673"}],"curies":[{"name":"wp","href":"https:\/\/api.w.org\/{rel}","templated":true}]}}