{"id":103670,"date":"2023-06-24T13:43:51","date_gmt":"2023-06-24T16:43:51","guid":{"rendered":"https:\/\/www.actualidadadiario.com\/?p=103670"},"modified":"2023-06-24T13:43:51","modified_gmt":"2023-06-24T16:43:51","slug":"schiaretti-randazzo-sera-la-formula-presidencial-de-hacemos-por-nuestro-pais","status":"publish","type":"post","link":"https:\/\/www.actualidadadiario.com\/index.php\/2023\/06\/24\/schiaretti-randazzo-sera-la-formula-presidencial-de-hacemos-por-nuestro-pais\/","title":{"rendered":"Schiaretti-Randazzo ser\u00e1 la f\u00f3rmula presidencial de Hacemos por Nuestro Pa\u00eds"},"content":{"rendered":"<p style=\"text-align: center;\"><em><strong>Luego de haber estado cerca de ingresar a Juntos por el Cambio, finalmente el gobernador de C\u00f3rdoba presentar\u00e1 su propia lista, en compa\u00f1\u00eda del ex funcionario kirchnerista<\/strong><\/em><\/p>\n<p>&nbsp;<\/p>\n<p>&nbsp;<\/p>\n<p>El precandidato a presidente de \u201cHacemos por Nuestro Pa\u00eds\u201d, Juan Schiaretti, confirm\u00f3 al diputado nacional Florencio Randazzo como su compa\u00f1ero de f\u00f3rmula para competir en las Paso el pr\u00f3ximo 13 de agosto.<\/p>\n<p>Con dicho binomio, el mandatario cordob\u00e9s buscar\u00e1 dar pelea en la escena nacional y colocar en la grilla de presidenciables una propuesta \u201cantigrieta\u201d que represente al interior productivo, seg\u00fan declar\u00f3.<\/p>\n<p>Con dificultades para armar listas en todos los distritos, el frente Hacemos por Nuestro Pa\u00eds tendr\u00e1 candidatos a priori en 18 provincias, con enfoque en las de mayor peso electoral.<\/p>\n<p>Quien encabezar\u00e1 la lista de diputados en C\u00f3rdoba, el distrito de Schiaretti, es Carlos Guti\u00e9rrez, actual diputado y hombre clave en la estructura de campa\u00f1a.<\/p>\n<p>En la provincia de Buenos Aires, en donde votan cuatro de cada diez electores de todo el pa\u00eds, habr\u00eda boleta &#8220;corta&#8221;, es decir, no llevar\u00e1 candidato a gobernador ni despliegue territorial en los 135 municipios.<\/p>\n<p>En este caso, la lista de diputados podr\u00eda estar encabezada por Hilda \u201cChiche\u201d Duhalde, o bien por el jefe de campa\u00f1a, Diego Bossio. Pero se anticip\u00f3 que la aparici\u00f3n del apellido Duhalde gener\u00f3 fricciones.<\/p>\n<p>D\u00edas atr\u00e1s se especul\u00f3 con la posibilidad de que Alejandro \u201cTopo\u201d Rodr\u00edguez se haga cargo de la candidatura por la senadur\u00eda en la provincia de Buenos Aires, pero en las \u00faltimas horas dicha posibilidad se enfri\u00f3.<\/p>\n<p>&nbsp;<\/p>\n<p><strong>Elecciones en C\u00f3rdoba, este domingo<\/strong><\/p>\n<p>Este domingo habr\u00e1 elecciones en C\u00f3rdoba y el favorito es el intendente de la capital, Mart\u00edn Llaryora, que lleva como vice a una intendenta radical, Myrian Prunotto.<\/p>\n<p>El armado local de Schiaretti busca ser lo m\u00e1s amplio posible y ha sumado a sectores de la UCR, a dirigentes del PRO, al GEN, al socialismo y a otros partidos locales.<\/p>\n<p>En el comando de Schiaretti sostienen que las idas y vueltas con Juntos por el Cambio no han afectado al candidato del oficialismo local y esperan poder revalidar en una elecci\u00f3n que se avizora competitiva frente a Luis Juez.<\/p>\n","protected":false},"excerpt":{"rendered":"<p>Luego de haber estado cerca de ingresar a Juntos por el Cambio, finalmente el gobernador de C\u00f3rdoba presentar\u00e1 su propia lista, en compa\u00f1\u00eda del ex funcionario kirchnerista &nbsp; &nbsp; El precandidato a presidente de \u201cHacemos por Nuestro Pa\u00eds\u201d, Juan Schiaretti, confirm\u00f3 al diputado nacional Florencio Randazzo como su compa\u00f1ero de f\u00f3rmula para competir en las Paso el pr\u00f3ximo 13 de agosto. Con dicho binomio, el mandatario cordob\u00e9s buscar\u00e1 dar pelea en la escena nacional y colocar en la grilla de presidenciables una propuesta \u201cantigrieta\u201d que represente al interior productivo, seg\u00fan&#8230;<\/p>\n","protected":false},"author":3,"featured_media":103671,"comment_status":"closed","ping_status":"closed","sticky":false,"template":"","format":"standard","meta":[],"categories":[18],"tags":[],"_links":{"self":[{"href":"https:\/\/www.actualidadadiario.com\/index.php\/wp-json\/wp\/v2\/posts\/103670"}],"collection":[{"href":"https:\/\/www.actualidadadiario.com\/index.php\/wp-json\/wp\/v2\/posts"}],"about":[{"href":"https:\/\/www.actualidadadiario.com\/index.php\/wp-json\/wp\/v2\/types\/post"}],"author":[{"embeddable":true,"href":"https:\/\/www.actualidadadiario.com\/index.php\/wp-json\/wp\/v2\/users\/3"}],"replies":[{"embeddable":true,"href":"https:\/\/www.actualidadadiario.com\/index.php\/wp-json\/wp\/v2\/comments?post=103670"}],"version-history":[{"count":1,"href":"https:\/\/www.actualidadadiario.com\/index.php\/wp-json\/wp\/v2\/posts\/103670\/revisions"}],"predecessor-version":[{"id":103672,"href":"https:\/\/www.actualidadadiario.com\/index.php\/wp-json\/wp\/v2\/posts\/103670\/revisions\/103672"}],"wp:featuredmedia":[{"embeddable":true,"href":"https:\/\/www.actualidadadiario.com\/index.php\/wp-json\/wp\/v2\/media\/103671"}],"wp:attachment":[{"href":"https:\/\/www.actualidadadiario.com\/index.php\/wp-json\/wp\/v2\/media?parent=103670"}],"wp:term":[{"taxonomy":"category","embeddable":true,"href":"https:\/\/www.actualidadadiario.com\/index.php\/wp-json\/wp\/v2\/categories?post=103670"},{"taxonomy":"post_tag","embeddable":true,"href":"https:\/\/www.actualidadadiario.com\/index.php\/wp-json\/wp\/v2\/tags?post=103670"}],"curies":[{"name":"wp","href":"https:\/\/api.w.org\/{rel}","templated":true}]}}