{"id":103667,"date":"2023-06-24T13:42:55","date_gmt":"2023-06-24T16:42:55","guid":{"rendered":"https:\/\/www.actualidadadiario.com\/?p=103667"},"modified":"2023-06-24T13:42:55","modified_gmt":"2023-06-24T16:42:55","slug":"agustin-rossi-sobre-sergio-massa-tiene-experiencia-de-gestion-y-conoce-los-problemas-de-los-argentinos","status":"publish","type":"post","link":"https:\/\/www.actualidadadiario.com\/index.php\/2023\/06\/24\/agustin-rossi-sobre-sergio-massa-tiene-experiencia-de-gestion-y-conoce-los-problemas-de-los-argentinos\/","title":{"rendered":"Agust\u00edn Rossi sobre Sergio Massa: \u00abTiene experiencia de gesti\u00f3n y conoce los problemas de los argentinos\u00bb"},"content":{"rendered":"<p style=\"text-align: center;\"><em><strong>El precandidato a vicepresidente y jefe de gabinete aclar\u00f3 que &#8220;el kirchnerismo est\u00e1 presente en la f\u00f3rmula porque yo soy kirchnerista&#8221;. La primera foto de Massa tras la noche de definiciones y la certeza de que seguir\u00e1 a cargo de Econom\u00eda durante la campa\u00f1a<\/strong><\/em><\/p>\n<p>&nbsp;<\/p>\n<p>&nbsp;<\/p>\n<p>El precandidato a vicepresidente de Uni\u00f3n por la Patria (UxP), Agust\u00edn Rossi, agradeci\u00f3 este s\u00e1bado la \u00abgenerosidad enorme\u00bb de Daniel Scioli, Eduardo de Pedro y Juan Manzur, que declinaron sus postulaciones en favor de la f\u00f3rmula de unidad que el jefe de Gabinete integra con el ministro de Econom\u00eda, Sergio Massa, como postulante a Presidente, de quien destac\u00f3 que \u00abtiene experiencia de gesti\u00f3n y conoce los problemas de los argentinos\u00ab.<\/p>\n<p>Por su parte, desde el massismo aclararon que el actual ministro de de Econom\u00eda seguir\u00e1 a cargo de esa cartera durante la campa\u00f1a hacia las PASO.<\/p>\n<p>\u00abLa din\u00e1mica interna termin\u00f3 generando esta f\u00f3rmula de consenso con una actitud muy generosa de los compa\u00f1eros. Agradezco el enorme gesto de \u00abWado\u00bb, de Scioli y de Manzur. Tuvieron una generosidad enorme\u00bb, sostuvo Rossi durante la ma\u00f1ana a Radio 10, en sus primeras declaraciones tras el anuncio conocido anoche.<\/p>\n<p>En ese marco, el funcionario destac\u00f3 que Massa es \u00abuna de las patas fundadoras del Frente de Todos y demostr\u00f3 tener una gran generosidad y estar despojado de ambiciones personales al tomar esa papa caliente que fue Econom\u00eda\u00bb.<\/p>\n<p>\u00abHay pocos dirigentes con la capacidad de gesti\u00f3n que tiene Sergio Massa. Tiene experiencia de gesti\u00f3n y conoce los problemas de los argentinos\u00bb, remarc\u00f3 el jefe de Gabinete Por otro lado, dijo que \u00abel kirchnerismo est\u00e1 presente en la f\u00f3rmula porque yo soy kirchnerista\u00ab.<\/p>\n<p>&nbsp;<\/p>\n<p><strong>Massa, entre el descanso y la econom\u00eda en campa\u00f1a<\/strong><\/p>\n<p>Malena Galmarini, presidenta de AySA, expres\u00f3 este s\u00e1bado por la ma\u00f1ana su apoyo a su esposo Sergio Massa, tras el anuncio realizado anoche de que ser\u00e1 el precandidato a Presidente por la coalici\u00f3n oficialista Uni\u00f3n por la patria (UxP), con una foto del ministro de Econom\u00eda en la intimidad de su hogar.<\/p>\n<p>\u00abEl reposo del guerrero. \u00a1Con vos hasta el infinito!\u00ab, expres\u00f3 Galmarini en su cuenta de Twitter, acompa\u00f1ada de una foto en d\u00f3nde se lo ve a Massa durmiendo en su cama junto con el perro de la familia.<\/p>\n<p>La precandidatura a Presidente del ministro de Econom\u00eda fue anunciada oficialmente por la fuerza pol\u00edtica oficialista durante la noche del viernes. Fuentes del Ministerio de Econom\u00eda se\u00f1alaron que Massa continuar\u00e1 al frente de la cartera econ\u00f3mica y no se tomar\u00e1 licencia.<\/p>\n<p>Desde el Frente Renovador (FR) recordaron los ejemplos de Emmanuel Macron en Francia y Fernando Henrique Cardoso en Brasil, que fueron candidatos a presidente en esos pa\u00edses ejerciendo al mismo tiempo el Ministerio de Econom\u00eda.<\/p>\n","protected":false},"excerpt":{"rendered":"<p>El precandidato a vicepresidente y jefe de gabinete aclar\u00f3 que &#8220;el kirchnerismo est\u00e1 presente en la f\u00f3rmula porque yo soy kirchnerista&#8221;. La primera foto de Massa tras la noche de definiciones y la certeza de que seguir\u00e1 a cargo de Econom\u00eda durante la campa\u00f1a &nbsp; &nbsp; El precandidato a vicepresidente de Uni\u00f3n por la Patria (UxP), Agust\u00edn Rossi, agradeci\u00f3 este s\u00e1bado la \u00abgenerosidad enorme\u00bb de Daniel Scioli, Eduardo de Pedro y Juan Manzur, que declinaron sus postulaciones en favor de la f\u00f3rmula de unidad que el jefe de Gabinete integra&#8230;<\/p>\n","protected":false},"author":3,"featured_media":103668,"comment_status":"closed","ping_status":"closed","sticky":false,"template":"","format":"standard","meta":[],"categories":[18],"tags":[],"_links":{"self":[{"href":"https:\/\/www.actualidadadiario.com\/index.php\/wp-json\/wp\/v2\/posts\/103667"}],"collection":[{"href":"https:\/\/www.actualidadadiario.com\/index.php\/wp-json\/wp\/v2\/posts"}],"about":[{"href":"https:\/\/www.actualidadadiario.com\/index.php\/wp-json\/wp\/v2\/types\/post"}],"author":[{"embeddable":true,"href":"https:\/\/www.actualidadadiario.com\/index.php\/wp-json\/wp\/v2\/users\/3"}],"replies":[{"embeddable":true,"href":"https:\/\/www.actualidadadiario.com\/index.php\/wp-json\/wp\/v2\/comments?post=103667"}],"version-history":[{"count":1,"href":"https:\/\/www.actualidadadiario.com\/index.php\/wp-json\/wp\/v2\/posts\/103667\/revisions"}],"predecessor-version":[{"id":103669,"href":"https:\/\/www.actualidadadiario.com\/index.php\/wp-json\/wp\/v2\/posts\/103667\/revisions\/103669"}],"wp:featuredmedia":[{"embeddable":true,"href":"https:\/\/www.actualidadadiario.com\/index.php\/wp-json\/wp\/v2\/media\/103668"}],"wp:attachment":[{"href":"https:\/\/www.actualidadadiario.com\/index.php\/wp-json\/wp\/v2\/media?parent=103667"}],"wp:term":[{"taxonomy":"category","embeddable":true,"href":"https:\/\/www.actualidadadiario.com\/index.php\/wp-json\/wp\/v2\/categories?post=103667"},{"taxonomy":"post_tag","embeddable":true,"href":"https:\/\/www.actualidadadiario.com\/index.php\/wp-json\/wp\/v2\/tags?post=103667"}],"curies":[{"name":"wp","href":"https:\/\/api.w.org\/{rel}","templated":true}]}}