{"id":103664,"date":"2023-06-24T13:42:02","date_gmt":"2023-06-24T16:42:02","guid":{"rendered":"https:\/\/www.actualidadadiario.com\/?p=103664"},"modified":"2023-06-24T13:42:02","modified_gmt":"2023-06-24T16:42:02","slug":"jujuy-manifestantes-vuelven-a-cortar-rutas-y-caminos-contra-la-reforma-constitucional","status":"publish","type":"post","link":"https:\/\/www.actualidadadiario.com\/index.php\/2023\/06\/24\/jujuy-manifestantes-vuelven-a-cortar-rutas-y-caminos-contra-la-reforma-constitucional\/","title":{"rendered":"Jujuy: manifestantes vuelven a cortar rutas y caminos contra la reforma constitucional"},"content":{"rendered":"<p style=\"text-align: center;\"><em><strong>Rutas, caminos y accesos volvieron a ser cortados este s\u00e1bado por manifestantes, que rechazan la cuestionada reforma constitucional sancionada esta semana<\/strong><\/em><\/p>\n<p>&nbsp;<\/p>\n<p>&nbsp;<\/p>\n<p>Miles de manifestantes cortaron este s\u00e1bado nuevamente varios puntos de circulaci\u00f3n en Jujuy, en rechazo a la pol\u00e9mica reforma constitucional sancionada esta semana y que, entre otros puntos, proh\u00edbe justamente la protesta social.<\/p>\n<p>Los cortes se realizaron en San Salvador de Jujuy, pero tambi\u00e9n en Perico y Purmamarca, adem\u00e1s de otras localidades de esa provincia del noroeste.<\/p>\n<p>Adem\u00e1s del rechazo a la reforma de la carta magna provincial, los gremios docentes mantienen sus reclamos salariales, luego de haber planteado que sus ingresos figuran entre los m\u00e1s bajos del pa\u00eds.<\/p>\n<p>Los manifestantes adem\u00e1s expresaron su rechazo a la fuerte represi\u00f3n de la que fueron objeto desde el fin de semana pasado, con decenas de heridos por balas de goma y de detenciones, por las fuerzas policiales que dispuso el gobernador Gerardo Morales.<\/p>\n<p>&nbsp;<\/p>\n<p><strong>El gobernador Morales lanz\u00f3 su candidatura electoral<\/strong><\/p>\n<p>En tanto, Morales recibi\u00f3 el respaldo de la plana mayor de Juntos por el Cambio, y fue ratificado como compa\u00f1ero de f\u00f3rmula de Horacio Rodr\u00edguez Larreta en las PASO de agosto pr\u00f3ximo.<\/p>\n<p>Aunque alguna duda sobrevol\u00f3 sobre esta candidatura, en virtud de la fuerte crisis social que afronta, Morales ser\u00e1 efectivamente la &#8220;pata radical&#8221; de la f\u00f3rmula con el alcalde porte\u00f1o.<\/p>\n<p>Larreta-Morales enfrentar\u00e1n, dentro de JxC, a la f\u00f3rmula de Patricia Bullrich y el mendocino Luis Petri, para definir a los candidatos presidenciales del espacio definido como de centroderecha.<\/p>\n","protected":false},"excerpt":{"rendered":"<p>Rutas, caminos y accesos volvieron a ser cortados este s\u00e1bado por manifestantes, que rechazan la cuestionada reforma constitucional sancionada esta semana &nbsp; &nbsp; Miles de manifestantes cortaron este s\u00e1bado nuevamente varios puntos de circulaci\u00f3n en Jujuy, en rechazo a la pol\u00e9mica reforma constitucional sancionada esta semana y que, entre otros puntos, proh\u00edbe justamente la protesta social. Los cortes se realizaron en San Salvador de Jujuy, pero tambi\u00e9n en Perico y Purmamarca, adem\u00e1s de otras localidades de esa provincia del noroeste. Adem\u00e1s del rechazo a la reforma de la carta magna&#8230;<\/p>\n","protected":false},"author":3,"featured_media":103665,"comment_status":"closed","ping_status":"closed","sticky":false,"template":"","format":"standard","meta":[],"categories":[18],"tags":[],"_links":{"self":[{"href":"https:\/\/www.actualidadadiario.com\/index.php\/wp-json\/wp\/v2\/posts\/103664"}],"collection":[{"href":"https:\/\/www.actualidadadiario.com\/index.php\/wp-json\/wp\/v2\/posts"}],"about":[{"href":"https:\/\/www.actualidadadiario.com\/index.php\/wp-json\/wp\/v2\/types\/post"}],"author":[{"embeddable":true,"href":"https:\/\/www.actualidadadiario.com\/index.php\/wp-json\/wp\/v2\/users\/3"}],"replies":[{"embeddable":true,"href":"https:\/\/www.actualidadadiario.com\/index.php\/wp-json\/wp\/v2\/comments?post=103664"}],"version-history":[{"count":1,"href":"https:\/\/www.actualidadadiario.com\/index.php\/wp-json\/wp\/v2\/posts\/103664\/revisions"}],"predecessor-version":[{"id":103666,"href":"https:\/\/www.actualidadadiario.com\/index.php\/wp-json\/wp\/v2\/posts\/103664\/revisions\/103666"}],"wp:featuredmedia":[{"embeddable":true,"href":"https:\/\/www.actualidadadiario.com\/index.php\/wp-json\/wp\/v2\/media\/103665"}],"wp:attachment":[{"href":"https:\/\/www.actualidadadiario.com\/index.php\/wp-json\/wp\/v2\/media?parent=103664"}],"wp:term":[{"taxonomy":"category","embeddable":true,"href":"https:\/\/www.actualidadadiario.com\/index.php\/wp-json\/wp\/v2\/categories?post=103664"},{"taxonomy":"post_tag","embeddable":true,"href":"https:\/\/www.actualidadadiario.com\/index.php\/wp-json\/wp\/v2\/tags?post=103664"}],"curies":[{"name":"wp","href":"https:\/\/api.w.org\/{rel}","templated":true}]}}