{"id":103662,"date":"2023-06-24T13:41:10","date_gmt":"2023-06-24T16:41:10","guid":{"rendered":"https:\/\/www.actualidadadiario.com\/?p=103662"},"modified":"2023-06-24T13:41:10","modified_gmt":"2023-06-24T16:41:10","slug":"los-gobernadores-la-cgt-y-hasta-el-propio-juan-manzur-celebraron-la-flamante-lista-de-unidad","status":"publish","type":"post","link":"https:\/\/www.actualidadadiario.com\/index.php\/2023\/06\/24\/los-gobernadores-la-cgt-y-hasta-el-propio-juan-manzur-celebraron-la-flamante-lista-de-unidad\/","title":{"rendered":"Los gobernadores, la CGT y hasta el propio Juan Manzur celebraron la flamante lista de unidad"},"content":{"rendered":"<p style=\"text-align: center;\"><em><strong>Luego de una jornada en la que corrieron rumores, noticias, y operaciones de todos los campamentos, Uni\u00f3n por la Patria cerr\u00f3 una sola lista<\/strong><\/em><\/p>\n<p>&nbsp;<\/p>\n<p>&nbsp;<\/p>\n<p>La previa de lo que se encaminaba a ser un cierre de listas atomizado y sin consenso dio un vuelco de 180 grados en las \u00faltimas horas de este viernes cuando Uni\u00f3n por la Patria confirm\u00f3 que Sergio Massa y Agust\u00edn Rossi encabezar\u00e1n la lista de unidad del oficialismo.<\/p>\n<p>Como consecuencia de una tarde cargada de rosca, negociaciones -y algunas operaciones internas-, las tres patas fundamentales del ex Frente de Todos dieron a conocer el acuerdo a trav\u00e9s de las redes sociales del partido.<\/p>\n<p>El presidente Alberto Fern\u00e1ndez, protagonista privilegiado del armado de este binomio, no hizo ning\u00fan comunicado propio y, por el contrario, se limit\u00f3 a s\u00f3lo darle retuit al comunicado oficial del espacio. Una reacci\u00f3n relajada para un d\u00eda agitado.<\/p>\n<p>Sergio Ziliotto, gobernador de La Pampa y miembro de la Liga, fue uno de los primeros funcionarios en festejar la decisi\u00f3n en su cuenta de Twitter. \u201cUNIDAD\u201d, acompa\u00f1ado por un emoji de la bandera nacional bast\u00f3 para demostrar su apoyo a la f\u00f3rmula.<\/p>\n<p>Ricardo Quintela, trabajador de la unidad y el vocero oficial de los gobernadores frente al binomio presidencial en las negociaciones, hizo lo propio. Con un tuit sencillo, pero que esconde la ebullici\u00f3n de quien consigue con creces su objetivo, el riojano felicit\u00f3 a los precandidatos.<\/p>\n<p>El ex precandidato a vicepresidente Juan Manzur se sum\u00f3 a la ola de festejos con un tuit sin grandes brillos. El gobernador tucumano, quien negoci\u00f3 personalmente su candidatura con la vicepresidenta dos d\u00edas atr\u00e1s, les dese\u00f3 \u201c\u00e9xitos\u201d a sus compa\u00f1eros de partido y se oblig\u00f3 a olvidar las fotos y spots que lo ten\u00edan como protagonista junto a Wado de Pedro.<\/p>\n<p>La CGT, cuyos integrantes se dispersaron entre los apoyos de Daniel Scioli y el ministro del interior, lanzaron un comunicado a una hora de conocerse la noticia de la f\u00f3rmula celebrando la unidad. En el texto, la central obrera valora el esfuerzo de los dirigentes que trabajaron para concretar una f\u00f3rmula de s\u00edntesis. Restar\u00e1 esperar qu\u00e9 rol tendr\u00e1n sus l\u00edderes en las listas.<\/p>\n<p>El Frente Renovador, espacio ganador de la puja electoral interna, sac\u00f3 a todas sus tropas a la calle para celebrar el nuevo arribo de su jefe pol\u00edtico a la cabeza de las boletas. El secretario de Desarrollo Productivo, Ignacio de Mendiguren, destac\u00f3 la decisi\u00f3n del partido, al tiempo que se permiti\u00f3 destacar la gesti\u00f3n econ\u00f3mica de Massa, en l\u00ednea al chat que se filtr\u00f3 en las \u00faltimas horas donde el titular de la cartera econ\u00f3mica daba \u00f3rdenes expresas a sus trabajadores en Econom\u00eda de \u201cseguir trabajando\u201d sin detenerse en el armado del cierre de listas. Gesti\u00f3n, gesti\u00f3n y gesti\u00f3n. Y algo de autobombo tambi\u00e9n.<\/p>\n<p>Cuarenta y siete minutos antes de que se diera a conocer la decisi\u00f3n de UxP, Cecilia Moreau public\u00f3 una foto con Sergio Massa en la que se permiti\u00f3 una chicana sobre su encuentro con el ministro. Desde el mi\u00e9rcoles, la presidenta de la C\u00e1mara de Diputados se reuni\u00f3 al menos una vez al d\u00eda con el titular de hacienda.<\/p>\n<p>En contraposici\u00f3n a los principales referentes del oficialismo, y tal como hab\u00eda anunciado semanas atr\u00e1s, Juan Grabois descart\u00f3 su apoyo a la f\u00f3rmula de unidad. El l\u00edder de Patria Grande anunci\u00f3 que competir\u00e1 en las PASO con una lista de su propio espacio. \u201cNosotros dijimos que si Wado era el candidato a presidente nos bajabamos. Wado no es el candidato, es el se\u00f1or Sergio Tom\u00e1s Massa, entonces nosotros no nos bajamos\u201d dijo desafiante el precandidato tras salir de una reuni\u00f3n en alg\u00fan despacho del Senado.<\/p>\n<p>A pesar de la confirmaci\u00f3n de la f\u00f3rmula presidencial que aglomerar\u00e1 a casi todo el peronismo, a\u00fan contin\u00faan las negociaciones para el resto de los espacios a rellenar en la boleta. Los partidos tendr\u00e1n tiempo hasta las 0:00 de s\u00e1bado para continuar dando sorpresas.<\/p>\n","protected":false},"excerpt":{"rendered":"<p>Luego de una jornada en la que corrieron rumores, noticias, y operaciones de todos los campamentos, Uni\u00f3n por la Patria cerr\u00f3 una sola lista &nbsp; &nbsp; La previa de lo que se encaminaba a ser un cierre de listas atomizado y sin consenso dio un vuelco de 180 grados en las \u00faltimas horas de este viernes cuando Uni\u00f3n por la Patria confirm\u00f3 que Sergio Massa y Agust\u00edn Rossi encabezar\u00e1n la lista de unidad del oficialismo. Como consecuencia de una tarde cargada de rosca, negociaciones -y algunas operaciones internas-, las tres&#8230;<\/p>\n","protected":false},"author":3,"featured_media":91251,"comment_status":"closed","ping_status":"closed","sticky":false,"template":"","format":"standard","meta":[],"categories":[18],"tags":[],"_links":{"self":[{"href":"https:\/\/www.actualidadadiario.com\/index.php\/wp-json\/wp\/v2\/posts\/103662"}],"collection":[{"href":"https:\/\/www.actualidadadiario.com\/index.php\/wp-json\/wp\/v2\/posts"}],"about":[{"href":"https:\/\/www.actualidadadiario.com\/index.php\/wp-json\/wp\/v2\/types\/post"}],"author":[{"embeddable":true,"href":"https:\/\/www.actualidadadiario.com\/index.php\/wp-json\/wp\/v2\/users\/3"}],"replies":[{"embeddable":true,"href":"https:\/\/www.actualidadadiario.com\/index.php\/wp-json\/wp\/v2\/comments?post=103662"}],"version-history":[{"count":1,"href":"https:\/\/www.actualidadadiario.com\/index.php\/wp-json\/wp\/v2\/posts\/103662\/revisions"}],"predecessor-version":[{"id":103663,"href":"https:\/\/www.actualidadadiario.com\/index.php\/wp-json\/wp\/v2\/posts\/103662\/revisions\/103663"}],"wp:featuredmedia":[{"embeddable":true,"href":"https:\/\/www.actualidadadiario.com\/index.php\/wp-json\/wp\/v2\/media\/91251"}],"wp:attachment":[{"href":"https:\/\/www.actualidadadiario.com\/index.php\/wp-json\/wp\/v2\/media?parent=103662"}],"wp:term":[{"taxonomy":"category","embeddable":true,"href":"https:\/\/www.actualidadadiario.com\/index.php\/wp-json\/wp\/v2\/categories?post=103662"},{"taxonomy":"post_tag","embeddable":true,"href":"https:\/\/www.actualidadadiario.com\/index.php\/wp-json\/wp\/v2\/tags?post=103662"}],"curies":[{"name":"wp","href":"https:\/\/api.w.org\/{rel}","templated":true}]}}