{"id":103657,"date":"2023-06-24T13:39:10","date_gmt":"2023-06-24T16:39:10","guid":{"rendered":"https:\/\/www.actualidadadiario.com\/?p=103657"},"modified":"2023-06-24T13:39:10","modified_gmt":"2023-06-24T16:39:10","slug":"la-dirigencia-entrerriana-respaldo-la-candidatura-de-sergio-massa-a-la-presidencia","status":"publish","type":"post","link":"https:\/\/www.actualidadadiario.com\/index.php\/2023\/06\/24\/la-dirigencia-entrerriana-respaldo-la-candidatura-de-sergio-massa-a-la-presidencia\/","title":{"rendered":"La dirigencia entrerriana respald\u00f3 la candidatura de Sergio Massa a la Presidencia"},"content":{"rendered":"<p style=\"text-align: center;\"><em><strong>A trav\u00e9s de sus redes sociales, y a minutos de haberse confirmado la lista de unidad, el gobernador Gustavo Bordet celebr\u00f3 la candidatura de Sergio Massa como presidente y Agust\u00edn Rossi como vice dentro de Uni\u00f3n por la Patria. Distintas figuras del oficialismo provincial hicieron p\u00fablico su respaldo<\/strong><\/em><\/p>\n<p>&nbsp;<\/p>\n<p>&nbsp;<\/p>\n<p>Finalmente, Uni\u00f3n por la Patria tendr\u00e1 una lista de unidad encabezada por el actual ministro de Econom\u00eda, Sergio Massa y acompa\u00f1ado del jefe de Gabinete, Agust\u00edn Rossi. Tras el anuncio en las redes sociales, distintas figuras del oficialismo provincial hicieron p\u00fablico su respaldo.<\/p>\n<p>El primero en hacerlo fue el gobernador Gustavo Bordet, que con una foto junto a Massa sostuvo que &#8220;la unidad es el camino&#8221;. En esa l\u00ednea agreg\u00f3 que &#8220;junto con Ad\u00e1n Bahl y Claudia Monjo, le dar\u00e1n a la Argentina y a Entre R\u00edos un futuro de crecimiento, inclusi\u00f3n, justicia social y federalismo&#8221;.<\/p>\n<p>Laura Stratta tambi\u00e9n sali\u00f3 a respaldar a los candidatos oficialistas e insisti\u00f3 en que &#8220;la unidad es lo que nos hace fuertes&#8221;. Y agreg\u00f3: &#8220;Por eso celebro que Sergio Massa y Agust\u00edn Rossi sean los candidatos a presidente y vice para encarar la etapa que viene en Argentina, y que en Entre R\u00edos tendr\u00e1 en Ad\u00e1n Bahl y Claudia Monjo a dirigentes con experiencia y visi\u00f3n de futuro&#8221;.<\/p>\n<p>Ad\u00e1n Bahl, intendente de Paran\u00e1 y precandidato a gobernador de Entre R\u00edos, destac\u00f3 el gesto de presentar una lista de unidad y asegur\u00f3: &#8220;En momentos complejos, la respuesta es la unidad. En defensa del pa\u00eds y del bienestar de los argentinos. Celebro las candidaturas de Sergio Massa y Agust\u00edn Rossi, dirigentes que han dado sobrada prueba de su firmeza ante la adversidad. En Argentina y Entre R\u00edos, hay futuro&#8221;.<\/p>\n<p>&#8220;Estoy convencido de que Sergio Massa es quien mejor encarna la unidad que necesitamos para el proceso electoral que tenemos los argentinos y argentinas. C\u00f3mo dice \u00e9l, la estabilidad pol\u00edtica va a traer estabilidad econ\u00f3mica que nos va a dar una mejor\u00eda y bienestar para el pueblo. \u00a1Felicitaciones Sergio!, a seguir trabajando por la producci\u00f3n, el desarrollo y las oportunidades de todos y todas&#8221;, fue el mensaje del Secretario de Agricultura, Ganader\u00eda y Pesca de la Naci\u00f3n, el entrerriano Juan Jos\u00e9 Bahillo.<\/p>\n<p>La f\u00f3rmula anunciada a \u00faltima hora de este viernes tambi\u00e9n fue celebrada por la ministra de Gobierno y precandidata a intendenta de Paran\u00e1, Rosario Romero: &#8220;Celebro el logro de una f\u00f3rmula que sintetiza las distintas expresiones de Uni\u00f3n por la Patria. Felicito a Sergio Massa y Rossi Agust\u00edn por su compromiso por el bienestar de los argentinos. Junto a Ad\u00e1n Bahl contribuiremos para lograr la victoria en Entre R\u00edos y Paran\u00e1&#8221;, dijo.<\/p>\n<p>Por su parte, el intendente de Concordia, Enrique Cresto anticip\u00f3 que &#8220;desde nuestra agrupaci\u00f3n Justa, Libre y Soberana respaldaremos a los compa\u00f1eros Sergio Massa y Agust\u00edn Rossi en este acuerdo de unidad que consolid\u00f3 nuestra compa\u00f1era Cristina Kirchner, militando esta campa\u00f1a con el compromiso y responsabilidad que el momento impone y la mirada puesta en el futuro de los argentinos y argentinas&#8221;.<\/p>\n","protected":false},"excerpt":{"rendered":"<p>A trav\u00e9s de sus redes sociales, y a minutos de haberse confirmado la lista de unidad, el gobernador Gustavo Bordet celebr\u00f3 la candidatura de Sergio Massa como presidente y Agust\u00edn Rossi como vice dentro de Uni\u00f3n por la Patria. Distintas figuras del oficialismo provincial hicieron p\u00fablico su respaldo &nbsp; &nbsp; Finalmente, Uni\u00f3n por la Patria tendr\u00e1 una lista de unidad encabezada por el actual ministro de Econom\u00eda, Sergio Massa y acompa\u00f1ado del jefe de Gabinete, Agust\u00edn Rossi. Tras el anuncio en las redes sociales, distintas figuras del oficialismo provincial hicieron&#8230;<\/p>\n","protected":false},"author":3,"featured_media":103658,"comment_status":"closed","ping_status":"closed","sticky":false,"template":"","format":"standard","meta":[],"categories":[15],"tags":[],"_links":{"self":[{"href":"https:\/\/www.actualidadadiario.com\/index.php\/wp-json\/wp\/v2\/posts\/103657"}],"collection":[{"href":"https:\/\/www.actualidadadiario.com\/index.php\/wp-json\/wp\/v2\/posts"}],"about":[{"href":"https:\/\/www.actualidadadiario.com\/index.php\/wp-json\/wp\/v2\/types\/post"}],"author":[{"embeddable":true,"href":"https:\/\/www.actualidadadiario.com\/index.php\/wp-json\/wp\/v2\/users\/3"}],"replies":[{"embeddable":true,"href":"https:\/\/www.actualidadadiario.com\/index.php\/wp-json\/wp\/v2\/comments?post=103657"}],"version-history":[{"count":1,"href":"https:\/\/www.actualidadadiario.com\/index.php\/wp-json\/wp\/v2\/posts\/103657\/revisions"}],"predecessor-version":[{"id":103659,"href":"https:\/\/www.actualidadadiario.com\/index.php\/wp-json\/wp\/v2\/posts\/103657\/revisions\/103659"}],"wp:featuredmedia":[{"embeddable":true,"href":"https:\/\/www.actualidadadiario.com\/index.php\/wp-json\/wp\/v2\/media\/103658"}],"wp:attachment":[{"href":"https:\/\/www.actualidadadiario.com\/index.php\/wp-json\/wp\/v2\/media?parent=103657"}],"wp:term":[{"taxonomy":"category","embeddable":true,"href":"https:\/\/www.actualidadadiario.com\/index.php\/wp-json\/wp\/v2\/categories?post=103657"},{"taxonomy":"post_tag","embeddable":true,"href":"https:\/\/www.actualidadadiario.com\/index.php\/wp-json\/wp\/v2\/tags?post=103657"}],"curies":[{"name":"wp","href":"https:\/\/api.w.org\/{rel}","templated":true}]}}