{"id":103654,"date":"2023-06-24T13:38:17","date_gmt":"2023-06-24T16:38:17","guid":{"rendered":"https:\/\/www.actualidadadiario.com\/?p=103654"},"modified":"2023-06-24T13:38:17","modified_gmt":"2023-06-24T16:38:17","slug":"bordet-respaldo-la-formula-bahl-monjo-son-entrerrianos-y-conocen-la-provincia","status":"publish","type":"post","link":"https:\/\/www.actualidadadiario.com\/index.php\/2023\/06\/24\/bordet-respaldo-la-formula-bahl-monjo-son-entrerrianos-y-conocen-la-provincia\/","title":{"rendered":"Bordet respald\u00f3 la f\u00f3rmula Bahl-Monjo: \u201cSon entrerrianos y conocen la provincia\u201d"},"content":{"rendered":"<p style=\"text-align: center;\"><em><strong>El gobernador Gustavo Bordet sali\u00f3 a respaldar la confirmaci\u00f3n de Claudia Monjo como compa\u00f1era de f\u00f3rmula de Ad\u00e1n Bahl para la gobernaci\u00f3n por M\u00e1s para Entre R\u00edos. \u201cEllos son la garant\u00eda para transformar definitivamente a Entre R\u00edos\u201d, dijo<\/strong><\/em><\/p>\n<p>&nbsp;<\/p>\n<p>&nbsp;<\/p>\n<p>Gustavo Bordet sali\u00f3 a respaldar la decisi\u00f3n de que la actual intendenta de Villaguay, Claudia Monjo, sea la compa\u00f1era de f\u00f3rmula de Ad\u00e1n Bahl para competir por la gobernaci\u00f3n por M\u00e1s para Entre R\u00edos.<\/p>\n<p>Lo hizo a trav\u00e9s de sus redes sociales, destacando la condici\u00f3n de \u201centrerrianos\u201d de ambos candidatos: \u201cEl \u00fanico camino para ir por m\u00e1s es con Ad\u00e1n Bahl y Claudia Monjo. Ambos tienen la formaci\u00f3n que les da haber gobernado sus ciudades, son entrerrianos y conocen la provincia\u201d.<\/p>\n<p>Y agreg\u00f3: \u201cEllos son la garant\u00eda para transformar definitivamente a Entre R\u00edos\u201d.<\/p>\n<p>Por su parte, la vicegobernadora, Laura Stratta, tambi\u00e9n celebr\u00f3 la decisi\u00f3n y felicit\u00f3 a Monjo: \u201cClaudia Monjo! Celebro que una mujer de territorio acompa\u00f1e en la f\u00f3rmula a Ad\u00e1n Bahl, abrazando el desaf\u00edo de ir por la Vicegobernaci\u00f3n de Entre R\u00edos. S\u00e9 de tu capacidad de trabajo, de tus convicciones y del enorme compromiso que hay detr\u00e1s de tus decisiones\u201d.<\/p>\n<p>Quien tambi\u00e9n se pronunci\u00f3 luego del anuncio fue la ministra de Gobierno y precandidata a intendenta de Paran\u00e1, Rosario Romero. \u201cSaludo la integraci\u00f3n de Claudia como precandidata a vicegobernadora, una intendenta con excelentes gestiones que los ciudadanos de Villaguay reconocen\u201d, escribi\u00f3 en sus redes.<\/p>\n<p>La elecci\u00f3n de Monjo tambi\u00e9n fue celebrada por la concejala de Paran\u00e1, Ana Ruberto, quien destac\u00f3 a Monjo como \u201cuna gran compa\u00f1era, trabajadora y preparada para asumir el desaf\u00edo de acompa\u00f1arte Adan Bahl\u201d. Andrea Zoff, viceintendenta de Paran\u00e1, tambi\u00e9n respald\u00f3 a Monjo y escribi\u00f3: \u201cCelebro que una compa\u00f1era con la capacidad en gesti\u00f3n de Claudia, integre la f\u00f3rmula para seguir impulsando a Entre R\u00edos hacia un futuro con m\u00e1s desarrollo, empleo y una mirada federal, defendiendo los intereses de todos las y los entrerrianos\u201d.<\/p>\n","protected":false},"excerpt":{"rendered":"<p>El gobernador Gustavo Bordet sali\u00f3 a respaldar la confirmaci\u00f3n de Claudia Monjo como compa\u00f1era de f\u00f3rmula de Ad\u00e1n Bahl para la gobernaci\u00f3n por M\u00e1s para Entre R\u00edos. \u201cEllos son la garant\u00eda para transformar definitivamente a Entre R\u00edos\u201d, dijo &nbsp; &nbsp; Gustavo Bordet sali\u00f3 a respaldar la decisi\u00f3n de que la actual intendenta de Villaguay, Claudia Monjo, sea la compa\u00f1era de f\u00f3rmula de Ad\u00e1n Bahl para competir por la gobernaci\u00f3n por M\u00e1s para Entre R\u00edos. Lo hizo a trav\u00e9s de sus redes sociales, destacando la condici\u00f3n de \u201centrerrianos\u201d de ambos candidatos:&#8230;<\/p>\n","protected":false},"author":3,"featured_media":103655,"comment_status":"closed","ping_status":"closed","sticky":false,"template":"","format":"standard","meta":[],"categories":[15],"tags":[],"_links":{"self":[{"href":"https:\/\/www.actualidadadiario.com\/index.php\/wp-json\/wp\/v2\/posts\/103654"}],"collection":[{"href":"https:\/\/www.actualidadadiario.com\/index.php\/wp-json\/wp\/v2\/posts"}],"about":[{"href":"https:\/\/www.actualidadadiario.com\/index.php\/wp-json\/wp\/v2\/types\/post"}],"author":[{"embeddable":true,"href":"https:\/\/www.actualidadadiario.com\/index.php\/wp-json\/wp\/v2\/users\/3"}],"replies":[{"embeddable":true,"href":"https:\/\/www.actualidadadiario.com\/index.php\/wp-json\/wp\/v2\/comments?post=103654"}],"version-history":[{"count":1,"href":"https:\/\/www.actualidadadiario.com\/index.php\/wp-json\/wp\/v2\/posts\/103654\/revisions"}],"predecessor-version":[{"id":103656,"href":"https:\/\/www.actualidadadiario.com\/index.php\/wp-json\/wp\/v2\/posts\/103654\/revisions\/103656"}],"wp:featuredmedia":[{"embeddable":true,"href":"https:\/\/www.actualidadadiario.com\/index.php\/wp-json\/wp\/v2\/media\/103655"}],"wp:attachment":[{"href":"https:\/\/www.actualidadadiario.com\/index.php\/wp-json\/wp\/v2\/media?parent=103654"}],"wp:term":[{"taxonomy":"category","embeddable":true,"href":"https:\/\/www.actualidadadiario.com\/index.php\/wp-json\/wp\/v2\/categories?post=103654"},{"taxonomy":"post_tag","embeddable":true,"href":"https:\/\/www.actualidadadiario.com\/index.php\/wp-json\/wp\/v2\/tags?post=103654"}],"curies":[{"name":"wp","href":"https:\/\/api.w.org\/{rel}","templated":true}]}}