{"id":103651,"date":"2023-06-24T13:37:27","date_gmt":"2023-06-24T16:37:27","guid":{"rendered":"https:\/\/www.actualidadadiario.com\/?p=103651"},"modified":"2023-06-24T13:37:27","modified_gmt":"2023-06-24T16:37:27","slug":"bahl-anuncio-que-claudia-monjo-sera-su-companera-de-formula","status":"publish","type":"post","link":"https:\/\/www.actualidadadiario.com\/index.php\/2023\/06\/24\/bahl-anuncio-que-claudia-monjo-sera-su-companera-de-formula\/","title":{"rendered":"Bahl anunci\u00f3 que Claudia Monjo ser\u00e1 su compa\u00f1era de f\u00f3rmula"},"content":{"rendered":"<p style=\"text-align: center;\"><em><strong>El precandidato a Gobernador por M\u00e1s para Entre R\u00edos, Ad\u00e1n Bahl, confirm\u00f3 que la actual intendenta de Villaguay ser\u00e1 la precandidata a Vicegobernadora por esa fuerza pol\u00edtica. \u201cClaudia es intendenta, como yo y ambos sabemos lo fundamental que es saber gestionar y comprometerse para atender las necesidades de cada vecina y vecino\u201d, asegur\u00f3 Bahl<\/strong><\/em><\/p>\n<p>&nbsp;<\/p>\n<p>&nbsp;<\/p>\n<p>\u201cEl gobernador Gustavo Bordet nos deja una provincia ordenada y en crecimiento, algo que a los entrerrianos nos cost\u00f3 mucho conseguir. Ahora, es momento de ir por m\u00e1s trabajo, producci\u00f3n, educaci\u00f3n, innovaci\u00f3n y oportunidades para las entrerrianas y entrerrianos\u201d, remarc\u00f3 el intendente de Paran\u00e1.<\/p>\n<p>En ese marco, Bahl agreg\u00f3 que \u201cestamos convencidos de que se construye con equipo, experiencia, desde abajo hacia arriba y con mirada federal, apoyando la fuerza de cada pueblo, de cada ciudad entrerriana. Tambi\u00e9n, de que para transformar, adem\u00e1s de decir, hay que saber hacer\u201d. Y finaliz\u00f3: \u201cEs momento de ir por M\u00e1s Para Entre R\u00edos, para que seamos la provincia que nos merecemos\u201d.<\/p>\n<p>Por su parte el Gobernador, Gustavo Bordet, manifest\u00f3: \u201cEl \u00fanico camino para ir por m\u00e1s es con Ad\u00e1n Bahl y Claudia Monjo. Ambos tienen la formaci\u00f3n que les da haber gobernado sus ciudades, son entrerrianos y conocen la provincia. Ellos son la garant\u00eda para transformar definitivamente a Entre R\u00edos\u201d.<\/p>\n<p>\u201cEn estos ocho a\u00f1os concretamos un plan de gobierno que sent\u00f3 las bases para el desarrollo. Logramos darle a la provincia calidad institucional con di\u00e1logo, orden y previsibilidad. Ahora es tiempo de ir por m\u00e1s, m\u00e1s trabajo, m\u00e1s producci\u00f3n, m\u00e1s oportunidades y m\u00e1s justicia social\u201d finaliz\u00f3 Bordet.<\/p>\n<p>La vicegobernadora Laura Stratta expres\u00f3: \u201cValoro que una dirigenta con su fuerza, su capacidad de trabajo y su enorme compromiso abrace el desaf\u00edo de ir por la Vicegobernaci\u00f3n junto al compa\u00f1ero Ad\u00e1n Bahl, quien es garant\u00eda del futuro de progreso e inclusi\u00f3n que queremos en Entre R\u00edos\u201d. En ese sentido remarc\u00f3: \u201cLa tarea que sostenidamente Claudia viene realizando para el desarrollo de las y los villaguayenses es testimonio de su fuerza, su capacidad de trabajo y su enorme compromiso\u201d.<\/p>\n<p>Por \u00faltimo Stratta destac\u00f3 \u201ccon emoci\u00f3n y profundo orgullo, que sea la ley de paridad integral la herramienta que est\u00e1 abriendo camino para que la voz de las entrerrianas se haga o\u00edr en las listas que protagonizar\u00e1n el proceso electoral que viene\u201d y reiter\u00f3 el agradecimiento por la decisi\u00f3n pol\u00edtica del gobernador Gustavo Bordet de haber apoyado la sanci\u00f3n de esa norma.<\/p>\n<p>&nbsp;<\/p>\n<p><strong>Sobre Claudia Monjo<\/strong><\/p>\n<p>Naci\u00f3 en Villaguay el 4 de abril de 1968, es hija de Miguel \u00c1ngel Monjo, panadero jubilado, y de Alicia Canton Debat, ama de casa. Tiene un hermano, Luis Marcelo.<\/p>\n<p>Hizo la primaria en la Escuela N\u00ba 82 \u201cMariano Moreno\u201d y la secundaria en la Escuela T\u00e9cnica N\u00b0 1 \u201cDr. Conrado Etchebarne\u201d, donde se recibi\u00f3 como Maestra Mayor de Obras.<\/p>\n<p>En pareja con Adri\u00e1n Fuertes desde 2004, con quien tiene tres hijas: Valentina, quien naci\u00f3 en 2005, Malena, en 2006 y \u00c1ngela, en 2012. De un anterior matrimonio tiene tres hijos: Santiago, nacido en 1990, Juan Manuel (1992) y Tom\u00e1s (2000).<\/p>\n<p>Otras ocupaciones: Tuvo un comercio de venta de art\u00edculos deportivos. Desde 2007 preside la &#8220;Fundaci\u00f3n Carlos Fuertes&#8221;, con la que gestionan microcr\u00e9ditos sociales.<\/p>\n<p>&nbsp;<\/p>\n<p><strong>Vida p\u00fablica<\/strong><\/p>\n<p>Cargos p\u00fablicos: Fue directora de Desarrollo Humano de la Municipalidad de Villaguay entre los a\u00f1os 2007 y 2011.<\/p>\n<p>En el a\u00f1o 2011 asumi\u00f3 como diputada provincial hasta el 2015.<\/p>\n<p>El 25 de octubre de 2015 gan\u00f3 la intendencia de Villaguay y sucedi\u00f3 a su pareja, Adri\u00e1n Fuertes.<\/p>\n<p>El 9 de junio de 2019 fue reelecta como Presidenta Municipal de Villaguay hasta 2023, logrando el 56,51% de los votos.<\/p>\n<p>Actualmente es precandidata a vicegobernadora de Entre R\u00edos por M\u00e1s Para Entre R\u00edos junto a Ad\u00e1n Bahl. Monjo es intendenta de Villaguay desde 2015, cargo en el que sucedi\u00f3 a su esposo Adri\u00e1n Fuertes, quien hab\u00eda gobernador la ciudad del centro entrerriano desde 2007 y ahora vuelve a la carga por un tercer mandato.<\/p>\n<p>Su nombre completo es Mar\u00eda Claudia Monjo, tiene 55 a\u00f1os y antes de dedicarse a la pol\u00edtica tuvo un comercio de venta de art\u00edculos deportivos. Desde 2007 preside la &#8220;Fundaci\u00f3n Carlos Fuertes&#8221;, con la que se gestionan microcr\u00e9ditos sociales, y ese mismo a\u00f1o asumi\u00f3 como Directora de Desarrollo Humano de la Municipalidad de Villaguay, cargo en el que se desempe\u00f1\u00f3 hasta 2011.<\/p>\n<p>Ese mismo a\u00f1o fue electa diputada provincial y el 25 de octubre de 2015 gan\u00f3 las elecciones que le permitieron acceder a la Intendencia de Villaguay, sucediendo a su esposo Adri\u00e1n Fuertes.<\/p>\n<p>El 9 de junio de 2019 fue reelecta como Intendenta con el 56,51% de los votos y ahora se podr\u00eda convertir en la segunda vicegobernadora de la historia de la provincia.<\/p>\n","protected":false},"excerpt":{"rendered":"<p>El precandidato a Gobernador por M\u00e1s para Entre R\u00edos, Ad\u00e1n Bahl, confirm\u00f3 que la actual intendenta de Villaguay ser\u00e1 la precandidata a Vicegobernadora por esa fuerza pol\u00edtica. \u201cClaudia es intendenta, como yo y ambos sabemos lo fundamental que es saber gestionar y comprometerse para atender las necesidades de cada vecina y vecino\u201d, asegur\u00f3 Bahl &nbsp; &nbsp; \u201cEl gobernador Gustavo Bordet nos deja una provincia ordenada y en crecimiento, algo que a los entrerrianos nos cost\u00f3 mucho conseguir. Ahora, es momento de ir por m\u00e1s trabajo, producci\u00f3n, educaci\u00f3n, innovaci\u00f3n y oportunidades&#8230;<\/p>\n","protected":false},"author":3,"featured_media":103652,"comment_status":"closed","ping_status":"closed","sticky":false,"template":"","format":"standard","meta":[],"categories":[9,15],"tags":[],"_links":{"self":[{"href":"https:\/\/www.actualidadadiario.com\/index.php\/wp-json\/wp\/v2\/posts\/103651"}],"collection":[{"href":"https:\/\/www.actualidadadiario.com\/index.php\/wp-json\/wp\/v2\/posts"}],"about":[{"href":"https:\/\/www.actualidadadiario.com\/index.php\/wp-json\/wp\/v2\/types\/post"}],"author":[{"embeddable":true,"href":"https:\/\/www.actualidadadiario.com\/index.php\/wp-json\/wp\/v2\/users\/3"}],"replies":[{"embeddable":true,"href":"https:\/\/www.actualidadadiario.com\/index.php\/wp-json\/wp\/v2\/comments?post=103651"}],"version-history":[{"count":1,"href":"https:\/\/www.actualidadadiario.com\/index.php\/wp-json\/wp\/v2\/posts\/103651\/revisions"}],"predecessor-version":[{"id":103653,"href":"https:\/\/www.actualidadadiario.com\/index.php\/wp-json\/wp\/v2\/posts\/103651\/revisions\/103653"}],"wp:featuredmedia":[{"embeddable":true,"href":"https:\/\/www.actualidadadiario.com\/index.php\/wp-json\/wp\/v2\/media\/103652"}],"wp:attachment":[{"href":"https:\/\/www.actualidadadiario.com\/index.php\/wp-json\/wp\/v2\/media?parent=103651"}],"wp:term":[{"taxonomy":"category","embeddable":true,"href":"https:\/\/www.actualidadadiario.com\/index.php\/wp-json\/wp\/v2\/categories?post=103651"},{"taxonomy":"post_tag","embeddable":true,"href":"https:\/\/www.actualidadadiario.com\/index.php\/wp-json\/wp\/v2\/tags?post=103651"}],"curies":[{"name":"wp","href":"https:\/\/api.w.org\/{rel}","templated":true}]}}