{"id":103648,"date":"2023-06-24T13:36:31","date_gmt":"2023-06-24T16:36:31","guid":{"rendered":"https:\/\/www.actualidadadiario.com\/?p=103648"},"modified":"2023-06-24T13:36:31","modified_gmt":"2023-06-24T16:36:31","slug":"alicia-aluani-sera-la-candidata-a-vicegobernadora-de-rogelio-frigerio","status":"publish","type":"post","link":"https:\/\/www.actualidadadiario.com\/index.php\/2023\/06\/24\/alicia-aluani-sera-la-candidata-a-vicegobernadora-de-rogelio-frigerio\/","title":{"rendered":"Alicia Aluani ser\u00e1 la candidata a vicegobernadora de Rogelio Frigerio"},"content":{"rendered":"<p style=\"text-align: center;\"><em><strong>A trav\u00e9s de sus redes sociales, el precandidato a gobernador de Juntos por el Cambio, Rogelio Frigerio, confirm\u00f3 que la m\u00e9dica pediatra oriunda de Nogoy\u00e1 ser\u00e1 su candidata a vicegobernadora<\/strong><\/em><\/p>\n<p>&nbsp;<\/p>\n<p>&nbsp;<\/p>\n<p>\u201cEs un orgullo contarles que Alicia Aluani, m\u00e9dica pediatra de Nogoy\u00e1, con m\u00e1s de 40 a\u00f1os de experiencia en el cuidado de la salud de los entrerrianos, me va a acompa\u00f1ar como precandidata a vicegobernadora de la provincia\u201d, anunci\u00f3 este viernes Rogelio Frigerio a trav\u00e9s de sus redes sociales.<\/p>\n<p>El ahora exdiputado nacional asegur\u00f3 que \u201ces tiempo de oxigenar la pol\u00edtica, de que profesionales de la sociedad civil se involucren para despertar el enorme potencial que tenemos dormido\u201d y asegur\u00f3 que el aporte de Aluani \u201ces fundamental para transformar la provincia, especialmente en el \u00e1mbito de la salud, donde enfrentamos grandes desaf\u00edos\u201d.<\/p>\n<p>En el hilo de Twitts, Frigerio le agradeci\u00f3 a Aluani \u201csumarse\u201d a la f\u00f3rmula que competir\u00e1 por la gobernaci\u00f3n entrerriana bajo el sello Juntos por el Cambio y agreg\u00f3: \u201cCada entrerriano es protagonista de este momento hist\u00f3rico. No dejemos pasar el tren. So\u00f1emos en grande. Es ahora\u201d.<\/p>\n","protected":false},"excerpt":{"rendered":"<p>A trav\u00e9s de sus redes sociales, el precandidato a gobernador de Juntos por el Cambio, Rogelio Frigerio, confirm\u00f3 que la m\u00e9dica pediatra oriunda de Nogoy\u00e1 ser\u00e1 su candidata a vicegobernadora &nbsp; &nbsp; \u201cEs un orgullo contarles que Alicia Aluani, m\u00e9dica pediatra de Nogoy\u00e1, con m\u00e1s de 40 a\u00f1os de experiencia en el cuidado de la salud de los entrerrianos, me va a acompa\u00f1ar como precandidata a vicegobernadora de la provincia\u201d, anunci\u00f3 este viernes Rogelio Frigerio a trav\u00e9s de sus redes sociales. El ahora exdiputado nacional asegur\u00f3 que \u201ces tiempo de&#8230;<\/p>\n","protected":false},"author":3,"featured_media":103649,"comment_status":"closed","ping_status":"closed","sticky":false,"template":"","format":"standard","meta":[],"categories":[9,15],"tags":[],"_links":{"self":[{"href":"https:\/\/www.actualidadadiario.com\/index.php\/wp-json\/wp\/v2\/posts\/103648"}],"collection":[{"href":"https:\/\/www.actualidadadiario.com\/index.php\/wp-json\/wp\/v2\/posts"}],"about":[{"href":"https:\/\/www.actualidadadiario.com\/index.php\/wp-json\/wp\/v2\/types\/post"}],"author":[{"embeddable":true,"href":"https:\/\/www.actualidadadiario.com\/index.php\/wp-json\/wp\/v2\/users\/3"}],"replies":[{"embeddable":true,"href":"https:\/\/www.actualidadadiario.com\/index.php\/wp-json\/wp\/v2\/comments?post=103648"}],"version-history":[{"count":1,"href":"https:\/\/www.actualidadadiario.com\/index.php\/wp-json\/wp\/v2\/posts\/103648\/revisions"}],"predecessor-version":[{"id":103650,"href":"https:\/\/www.actualidadadiario.com\/index.php\/wp-json\/wp\/v2\/posts\/103648\/revisions\/103650"}],"wp:featuredmedia":[{"embeddable":true,"href":"https:\/\/www.actualidadadiario.com\/index.php\/wp-json\/wp\/v2\/media\/103649"}],"wp:attachment":[{"href":"https:\/\/www.actualidadadiario.com\/index.php\/wp-json\/wp\/v2\/media?parent=103648"}],"wp:term":[{"taxonomy":"category","embeddable":true,"href":"https:\/\/www.actualidadadiario.com\/index.php\/wp-json\/wp\/v2\/categories?post=103648"},{"taxonomy":"post_tag","embeddable":true,"href":"https:\/\/www.actualidadadiario.com\/index.php\/wp-json\/wp\/v2\/tags?post=103648"}],"curies":[{"name":"wp","href":"https:\/\/api.w.org\/{rel}","templated":true}]}}