{"id":103645,"date":"2023-06-24T13:35:36","date_gmt":"2023-06-24T16:35:36","guid":{"rendered":"https:\/\/www.actualidadadiario.com\/?p=103645"},"modified":"2023-06-24T13:35:36","modified_gmt":"2023-06-24T16:35:36","slug":"casaretto-cuestiono-duramente-a-frigerio-tras-su-renuncia","status":"publish","type":"post","link":"https:\/\/www.actualidadadiario.com\/index.php\/2023\/06\/24\/casaretto-cuestiono-duramente-a-frigerio-tras-su-renuncia\/","title":{"rendered":"Casaretto cuestion\u00f3 duramente  a Frigerio tras su renuncia"},"content":{"rendered":"<p style=\"text-align: center;\"><em><strong>El legislador nacional Marcelo Casaretto (PJ) critic\u00f3 otra vez a Rogelio Frigerio. \u201cNunca cumpli\u00f3 la funci\u00f3n\u00a0 para la que se present\u00f3 a elecciones en 2021 y lo votaron parte de los entrerrianos\u201d, se\u00f1al\u00f3 Casaretto<\/strong><\/em><\/p>\n<p>&nbsp;<\/p>\n<p>&nbsp;<\/p>\n<p>Casaretto realiz\u00f3 la cr\u00edtica a trav\u00e9s de Twitter: \u201cFinalmente Rogelio Frigerio renunci\u00f3 a su banca de Diputados\u201d. A su vez, se\u00f1al\u00f3 las inasistencias en la c\u00e1mara del ex legislador: \u201cBati\u00f3 r\u00e9cord de ausencias en las votaciones (30%)\u201d.<\/p>\n<p>Al continuar con las cr\u00edticas contra el precandidato a gobernador por Juntos Por El Cambio: \u201cNunca cumpli\u00f3 la funci\u00f3n\u00a0 para la que se present\u00f3 a elecciones en 2021 y lo votaron parte de los entrerrianos. \u00bfY quiere ser candidato a Gobernador?\u201d.<\/p>\n<p>No es la primera vez que Casaretto reprocha a Frigerio por su accionar como legislador, en marzo de este a\u00f1o public\u00f3: \u201cEn las sesiones de este martes y mi\u00e9rcoles, otra vez el diputado Rogelio Frigerio estuvo AUSENTE en las principales votaciones y en el Informe del Jefe de Gabinete. Claramente NO CUMPLE con sus funciones de Diputado. \u00bfY de esta manera pretende gobernar Entre R\u00edos?\u201d.<\/p>\n<p>En ese mismo hilo, el diputado nacional por el PJ hab\u00eda expresado: \u201cSer\u00eda m\u00e1s sincero si deja este cargo a alguien que tenga m\u00e1s aplicaci\u00f3n al trabajo. Sigue con su eterna campa\u00f1a electoral mientras cobra su sueldo como Diputado\u201d, afirm\u00f3 luego y asegur\u00f3 que \u201cjunto a Javier Milei corren una carrera en cantidad de ausencias en sus tareas como Diputados\u201d.<\/p>\n","protected":false},"excerpt":{"rendered":"<p>El legislador nacional Marcelo Casaretto (PJ) critic\u00f3 otra vez a Rogelio Frigerio. \u201cNunca cumpli\u00f3 la funci\u00f3n\u00a0 para la que se present\u00f3 a elecciones en 2021 y lo votaron parte de los entrerrianos\u201d, se\u00f1al\u00f3 Casaretto &nbsp; &nbsp; Casaretto realiz\u00f3 la cr\u00edtica a trav\u00e9s de Twitter: \u201cFinalmente Rogelio Frigerio renunci\u00f3 a su banca de Diputados\u201d. A su vez, se\u00f1al\u00f3 las inasistencias en la c\u00e1mara del ex legislador: \u201cBati\u00f3 r\u00e9cord de ausencias en las votaciones (30%)\u201d. Al continuar con las cr\u00edticas contra el precandidato a gobernador por Juntos Por El Cambio: \u201cNunca cumpli\u00f3&#8230;<\/p>\n","protected":false},"author":3,"featured_media":103646,"comment_status":"closed","ping_status":"closed","sticky":false,"template":"","format":"standard","meta":[],"categories":[15],"tags":[],"_links":{"self":[{"href":"https:\/\/www.actualidadadiario.com\/index.php\/wp-json\/wp\/v2\/posts\/103645"}],"collection":[{"href":"https:\/\/www.actualidadadiario.com\/index.php\/wp-json\/wp\/v2\/posts"}],"about":[{"href":"https:\/\/www.actualidadadiario.com\/index.php\/wp-json\/wp\/v2\/types\/post"}],"author":[{"embeddable":true,"href":"https:\/\/www.actualidadadiario.com\/index.php\/wp-json\/wp\/v2\/users\/3"}],"replies":[{"embeddable":true,"href":"https:\/\/www.actualidadadiario.com\/index.php\/wp-json\/wp\/v2\/comments?post=103645"}],"version-history":[{"count":1,"href":"https:\/\/www.actualidadadiario.com\/index.php\/wp-json\/wp\/v2\/posts\/103645\/revisions"}],"predecessor-version":[{"id":103647,"href":"https:\/\/www.actualidadadiario.com\/index.php\/wp-json\/wp\/v2\/posts\/103645\/revisions\/103647"}],"wp:featuredmedia":[{"embeddable":true,"href":"https:\/\/www.actualidadadiario.com\/index.php\/wp-json\/wp\/v2\/media\/103646"}],"wp:attachment":[{"href":"https:\/\/www.actualidadadiario.com\/index.php\/wp-json\/wp\/v2\/media?parent=103645"}],"wp:term":[{"taxonomy":"category","embeddable":true,"href":"https:\/\/www.actualidadadiario.com\/index.php\/wp-json\/wp\/v2\/categories?post=103645"},{"taxonomy":"post_tag","embeddable":true,"href":"https:\/\/www.actualidadadiario.com\/index.php\/wp-json\/wp\/v2\/tags?post=103645"}],"curies":[{"name":"wp","href":"https:\/\/api.w.org\/{rel}","templated":true}]}}