{"id":103640,"date":"2023-06-24T13:33:21","date_gmt":"2023-06-24T16:33:21","guid":{"rendered":"https:\/\/www.actualidadadiario.com\/?p=103640"},"modified":"2023-06-24T13:33:21","modified_gmt":"2023-06-24T16:33:21","slug":"llega-una-masa-de-aire-calido-en-pleno-invierno-combinada-con-mucha-humedad","status":"publish","type":"post","link":"https:\/\/www.actualidadadiario.com\/index.php\/2023\/06\/24\/llega-una-masa-de-aire-calido-en-pleno-invierno-combinada-con-mucha-humedad\/","title":{"rendered":"Llega una \u201cmasa de aire c\u00e1lido\u201d en pleno invierno, combinada con mucha humedad"},"content":{"rendered":"<p style=\"text-align: center;\"><em><strong>El servicio meteorol\u00f3gico brasile\u00f1o Metsul indic\u00f3 que el fen\u00f3meno provocar\u00e1 &#8220;una temperatura por encima de lo que es com\u00fan para los \u00faltimos d\u00edas de junio&#8221;<\/strong><\/em><\/p>\n<p>&nbsp;<\/p>\n<p>&nbsp;<\/p>\n<p>En efecto, una masa de aire c\u00e1lido va a llegar al Uruguay y litoral, centro y norte de Argentina en los pr\u00f3ximos d\u00edas, lo que provocar\u00e1 &#8220;una temperatura por encima de lo que es com\u00fan para los \u00faltimos d\u00edas de junio&#8221; y adem\u00e1s, indic\u00f3 que para el inicio de la semana pr\u00f3xima se esperan lluvias en esta regi\u00f3n. Este pron\u00f3stico tambi\u00e9n rige para Paraguay y el sur de Brasil.<\/p>\n<p>Durante el per\u00edodo, el aire m\u00e1s c\u00e1lido influir\u00e1 en las condiciones clim\u00e1ticas mientras que el aire polar se mantendr\u00e1 en el sur del continente, defini\u00f3 Metsul. En su p\u00e1gina web, el servicio meteorol\u00f3gico tambi\u00e9n indic\u00f3 que &#8220;el aire m\u00e1s c\u00e1lido en los pr\u00f3ximos d\u00edas vendr\u00e1 con humedad, lo que har\u00e1 que muchas tardes sean bochornosas&#8221;.<\/p>\n<p>Asimismo, indic\u00f3 que &#8220;habr\u00e1 per\u00edodos de inestabilidad con lluvias intercaladas con sol&#8221; y marca que esto podr\u00eda afectar al comienzo de la semana pr\u00f3xima.<\/p>\n<p>Por otra parte, indica Metsul, &#8220;en Argentina, el calor se sentir\u00e1 y con m\u00e1s fuerza que en Rio Grande do Sul&#8221;. &#8220;Seg\u00fan los datos de los modelos, las anomal\u00edas t\u00e9rmicas tienden a ser a\u00fan mayores en territorio argentino, donde en algunas provincias los term\u00f3metros deben marcar m\u00e1s de 30\u00baC en pleno invierno. El calentamiento crear\u00e1 una condici\u00f3n que la gente detesta. El aire m\u00e1s c\u00e1lido en contacto con las superficies fr\u00edas har\u00e1 que los pisos y las paredes se humedezcan o se mojen en las casas y los edificios, lo que es com\u00fan que ocurra en los meses de invierno&#8221;, agrega.<\/p>\n","protected":false},"excerpt":{"rendered":"<p>El servicio meteorol\u00f3gico brasile\u00f1o Metsul indic\u00f3 que el fen\u00f3meno provocar\u00e1 &#8220;una temperatura por encima de lo que es com\u00fan para los \u00faltimos d\u00edas de junio&#8221; &nbsp; &nbsp; En efecto, una masa de aire c\u00e1lido va a llegar al Uruguay y litoral, centro y norte de Argentina en los pr\u00f3ximos d\u00edas, lo que provocar\u00e1 &#8220;una temperatura por encima de lo que es com\u00fan para los \u00faltimos d\u00edas de junio&#8221; y adem\u00e1s, indic\u00f3 que para el inicio de la semana pr\u00f3xima se esperan lluvias en esta regi\u00f3n. Este pron\u00f3stico tambi\u00e9n rige para&#8230;<\/p>\n","protected":false},"author":3,"featured_media":103641,"comment_status":"closed","ping_status":"closed","sticky":false,"template":"","format":"standard","meta":[],"categories":[2],"tags":[],"_links":{"self":[{"href":"https:\/\/www.actualidadadiario.com\/index.php\/wp-json\/wp\/v2\/posts\/103640"}],"collection":[{"href":"https:\/\/www.actualidadadiario.com\/index.php\/wp-json\/wp\/v2\/posts"}],"about":[{"href":"https:\/\/www.actualidadadiario.com\/index.php\/wp-json\/wp\/v2\/types\/post"}],"author":[{"embeddable":true,"href":"https:\/\/www.actualidadadiario.com\/index.php\/wp-json\/wp\/v2\/users\/3"}],"replies":[{"embeddable":true,"href":"https:\/\/www.actualidadadiario.com\/index.php\/wp-json\/wp\/v2\/comments?post=103640"}],"version-history":[{"count":1,"href":"https:\/\/www.actualidadadiario.com\/index.php\/wp-json\/wp\/v2\/posts\/103640\/revisions"}],"predecessor-version":[{"id":103642,"href":"https:\/\/www.actualidadadiario.com\/index.php\/wp-json\/wp\/v2\/posts\/103640\/revisions\/103642"}],"wp:featuredmedia":[{"embeddable":true,"href":"https:\/\/www.actualidadadiario.com\/index.php\/wp-json\/wp\/v2\/media\/103641"}],"wp:attachment":[{"href":"https:\/\/www.actualidadadiario.com\/index.php\/wp-json\/wp\/v2\/media?parent=103640"}],"wp:term":[{"taxonomy":"category","embeddable":true,"href":"https:\/\/www.actualidadadiario.com\/index.php\/wp-json\/wp\/v2\/categories?post=103640"},{"taxonomy":"post_tag","embeddable":true,"href":"https:\/\/www.actualidadadiario.com\/index.php\/wp-json\/wp\/v2\/tags?post=103640"}],"curies":[{"name":"wp","href":"https:\/\/api.w.org\/{rel}","templated":true}]}}