{"id":103637,"date":"2023-06-24T13:32:23","date_gmt":"2023-06-24T16:32:23","guid":{"rendered":"https:\/\/www.actualidadadiario.com\/?p=103637"},"modified":"2023-06-24T13:32:23","modified_gmt":"2023-06-24T16:32:23","slug":"misiones-sanciono-una-ley-que-prohibe-el-uso-del-glifosato","status":"publish","type":"post","link":"https:\/\/www.actualidadadiario.com\/index.php\/2023\/06\/24\/misiones-sanciono-una-ley-que-prohibe-el-uso-del-glifosato\/","title":{"rendered":"Misiones sancion\u00f3 una ley que proh\u00edbe el uso del glifosato"},"content":{"rendered":"<p style=\"text-align: center;\"><em><strong>La C\u00e1mara de Diputados de la provincia aprob\u00f3 una ley que establece un periodo de dos a\u00f1os para erradicar este producto qu\u00edmico<\/strong><\/em><\/p>\n<p>&nbsp;<\/p>\n<p>&nbsp;<\/p>\n<p>La C\u00e1mara de Representantes de Misiones aprob\u00f3 una ley que proh\u00edbe el uso del glifosato y otros agroqu\u00edmicos en un plazo de dos a\u00f1os, al mismo tiempo que fomenta la producci\u00f3n de bioinsumos.<\/p>\n<p>La nueva norma, que entrar\u00e1 en vigencia en 2025, establece la prohibici\u00f3n total del herbicida, sus componentes y productos relacionados en toda la provincia. La medida busca impulsar un cambio cultural en los sistemas productivos hacia pr\u00e1cticas m\u00e1s sostenibles y amigables con el medio ambiente.<\/p>\n<p>El cuerpo del proyecto contempla adem\u00e1s la conformaci\u00f3n del marco regulatorio para la investigaci\u00f3n, desarrollo, producci\u00f3n, procesamiento, registro, comercializaci\u00f3n y utilizaci\u00f3n de productos biol\u00f3gicos naturales.<\/p>\n<p>&nbsp;<\/p>\n<p><strong>La ley plantea siete objetivos<\/strong><\/p>\n<ul>\n<li>Generar l\u00edneas de trabajo colaborativas a los efectos de promover el desarrollo de insumos biol\u00f3gicos<\/li>\n<li>Optimizar los procesos de elaboraci\u00f3n de los productos utilizando m\u00e9todos de purificaci\u00f3n totalmente org\u00e1nicos.<\/li>\n<li>Promover planes de acci\u00f3n para el adecuado manejo del riego agropecuario y la eficiencia del uso del agua.<\/li>\n<li>Dise\u00f1ar y ejecutar acciones tendientes al crecimiento y desarrollo sustentable de los cultivos en la provincia.<\/li>\n<li>Incentivar al desarrollo de nuevos procesos tecnol\u00f3gicos para la producci\u00f3n de bioinsumos a los fines de impulsar su utilizaci\u00f3n como herramienta primordial en el territorio.<\/li>\n<li>Enfatizar el empleo de t\u00e9cnicas relacionadas con el reciclaje de materiales org\u00e1nicos para mejorar la fertilidad del suelo, el control biol\u00f3gico de plagas y enfermedades, utilizando semillas provenientes de sistemas de producci\u00f3n org\u00e1nica<\/li>\n<li>Difundir los beneficios y la importancia de la utilizaci\u00f3n de bioinsumos<\/li>\n<\/ul>\n<p>&nbsp;<\/p>\n<p><strong>Glifosato: el herbicida por el que Bayer tuvo que pagar US$11.000 millones en demandas<\/strong><\/p>\n<p>La empresa farmac\u00e9utica Bayer pag\u00f3 hace pocas semanas US$11.000 millones por una demanda sobre su herbicida ante la posibilidad de que cause c\u00e1ncer. El producto en cuesti\u00f3n es el glifosato, objeto de unas 125.000 demandas anuales por los supuestos efectos cancer\u00edgenos.<\/p>\n<p>&nbsp;<\/p>\n<p><strong>\u00bfQu\u00e9 es el glifosato?<\/strong><\/p>\n<p>El glifosato se usa en agricultura para el control de la maleza en \u00e1reas industriales. Su efecto sobre las plantas no es selectivo, lo que significa que mata a la mayor\u00eda de ellas cuando se aplica. Los agricultores lo roc\u00edan en los campos antes de que sus cultivos broten en primavera. As\u00ed no tienen que competir con las malezas de los alrededores.<\/p>\n<p>Algunos tambi\u00e9n lo usan como un tratamiento previo a la cosecha, porque seca los cultivos y facilita la recolecci\u00f3n. Hay cultivos, como la soja, que han sido gen\u00e9ticamente modificados para resistir al glifosato.<\/p>\n<p>&nbsp;<\/p>\n<p><strong>\u00bfQu\u00e9 efectos puede tener sobre la salud?<\/strong><\/p>\n<p>La Agencia Internacional para la Investigaci\u00f3n del C\u00e1ncer de la Organizaci\u00f3n Mundial de la Salud concluy\u00f3 en 2015 que la substancia es &#8220;probablemente carcin\u00f3gena para los humanos&#8221;.<\/p>\n<p>Sin embargo, un informe conjunto de la OMS y la ONU de 2016 determin\u00f3 que, si bien algunas investigaciones suger\u00edan &#8220;alguna evidencia de una asociaci\u00f3n positiva entre la exposici\u00f3n al glifosato y el riesgo de linfoma no Hodgkin&#8221;, el \u00fanico estudio grande de alta calidad encontrado &#8220;no mostr\u00f3 evidencia de una asociaci\u00f3n en cualquier nivel de exposici\u00f3n&#8221;.<\/p>\n<p>A pesar de esto, la Justicia emiti\u00f3 en 2018 el primer fallo vinculando al glifosato con el c\u00e1ncer. En este dictamen, el tribunal de California les otorg\u00f3 a los demandantes una sustancial compensaci\u00f3n.<\/p>\n<p>Entre los litigantes se encontraba Dewayne Johnson, quien padec\u00eda un c\u00e1ncer terminal diagnosticado en 2014. El jardinero utiliz\u00f3 decenas de veces herbicidas con glifosato de las marcas RangerPro y Roundup, comercializadas por Monsanto en EE.UU.<\/p>\n<p>El jurado de California determin\u00f3 que los herbicidas de Monsanto contribuyeron &#8220;sustancialmente&#8221; a la enfermedad terminal de Johnson.<\/p>\n<p>Bayer, que compr\u00f3 Monsanto hace dos a\u00f1os por US$63.000 millones, niega que el glifosato sea cancer\u00edgeno, pero dijo que pagar\u00eda la suma para acabar con la &#8220;incertidumbre&#8221;.<\/p>\n","protected":false},"excerpt":{"rendered":"<p>La C\u00e1mara de Diputados de la provincia aprob\u00f3 una ley que establece un periodo de dos a\u00f1os para erradicar este producto qu\u00edmico &nbsp; &nbsp; La C\u00e1mara de Representantes de Misiones aprob\u00f3 una ley que proh\u00edbe el uso del glifosato y otros agroqu\u00edmicos en un plazo de dos a\u00f1os, al mismo tiempo que fomenta la producci\u00f3n de bioinsumos. La nueva norma, que entrar\u00e1 en vigencia en 2025, establece la prohibici\u00f3n total del herbicida, sus componentes y productos relacionados en toda la provincia. La medida busca impulsar un cambio cultural en los&#8230;<\/p>\n","protected":false},"author":3,"featured_media":103638,"comment_status":"closed","ping_status":"closed","sticky":false,"template":"","format":"standard","meta":[],"categories":[2],"tags":[],"_links":{"self":[{"href":"https:\/\/www.actualidadadiario.com\/index.php\/wp-json\/wp\/v2\/posts\/103637"}],"collection":[{"href":"https:\/\/www.actualidadadiario.com\/index.php\/wp-json\/wp\/v2\/posts"}],"about":[{"href":"https:\/\/www.actualidadadiario.com\/index.php\/wp-json\/wp\/v2\/types\/post"}],"author":[{"embeddable":true,"href":"https:\/\/www.actualidadadiario.com\/index.php\/wp-json\/wp\/v2\/users\/3"}],"replies":[{"embeddable":true,"href":"https:\/\/www.actualidadadiario.com\/index.php\/wp-json\/wp\/v2\/comments?post=103637"}],"version-history":[{"count":1,"href":"https:\/\/www.actualidadadiario.com\/index.php\/wp-json\/wp\/v2\/posts\/103637\/revisions"}],"predecessor-version":[{"id":103639,"href":"https:\/\/www.actualidadadiario.com\/index.php\/wp-json\/wp\/v2\/posts\/103637\/revisions\/103639"}],"wp:featuredmedia":[{"embeddable":true,"href":"https:\/\/www.actualidadadiario.com\/index.php\/wp-json\/wp\/v2\/media\/103638"}],"wp:attachment":[{"href":"https:\/\/www.actualidadadiario.com\/index.php\/wp-json\/wp\/v2\/media?parent=103637"}],"wp:term":[{"taxonomy":"category","embeddable":true,"href":"https:\/\/www.actualidadadiario.com\/index.php\/wp-json\/wp\/v2\/categories?post=103637"},{"taxonomy":"post_tag","embeddable":true,"href":"https:\/\/www.actualidadadiario.com\/index.php\/wp-json\/wp\/v2\/tags?post=103637"}],"curies":[{"name":"wp","href":"https:\/\/api.w.org\/{rel}","templated":true}]}}