{"id":103624,"date":"2023-06-23T15:31:51","date_gmt":"2023-06-23T18:31:51","guid":{"rendered":"https:\/\/www.actualidadadiario.com\/?p=103624"},"modified":"2023-06-23T15:31:51","modified_gmt":"2023-06-23T18:31:51","slug":"wado-manzur-formula-cerrada-o-puede-haber-algo-mas","status":"publish","type":"post","link":"https:\/\/www.actualidadadiario.com\/index.php\/2023\/06\/23\/wado-manzur-formula-cerrada-o-puede-haber-algo-mas\/","title":{"rendered":"Wado-Manzur: \u00bff\u00f3rmula cerrada o puede haber algo m\u00e1s?"},"content":{"rendered":"<p style=\"text-align: center;\"><em><strong>La dupla no despert\u00f3 fervor dentro de Uni\u00f3n por la Patria. Hay quienes sostienen que no es la mejor opci\u00f3n. Los gobernadores peronistas no salieron a respaldar e insisten con una lista de unidad<\/strong><\/em><\/p>\n<p>&nbsp;<\/p>\n<p>&nbsp;<\/p>\n<p>La supuesta f\u00f3rmula presidencial, dado que no fue confirmada, de Uni\u00f3n por la Patria, encabezada por Eduardo &#8220;Wado&#8221; de Pedro y secundado por Juan Manzur, no conform\u00f3 a gran parte del oficialismo, en especial a los gobernadores. Es por eso que a\u00fan no puede darse por cerrada la posibilidad de que el vice sea otro candidato en lugar del tucumano.<\/p>\n<p>Los gobernadores fueron ayer a Casa Rosada a pedir &#8220;unidad&#8221; y un candidato &#8220;de consenso&#8221;. Incluso se sugiri\u00f3 que pidieron expl\u00edcitamente que sea Sergio Massa quien encabece la f\u00f3rmula. Nada de esto se confirm\u00f3, como tampoco ocurri\u00f3 con que efectivamente sea la dupla Wado-Manzur la que competir\u00e1 por UP.<\/p>\n<p>Queda tiempo hasta el \u00faltimo segundo de este s\u00e1bado 24 de junio para que haya sorpresas, pero m\u00e1s que nada, negociaciones.<\/p>\n<p>No hubo euforia ayer en el oficialismo tras correr la versi\u00f3n de la f\u00f3rmula. Apenas dirigentes de segundas y terceras l\u00edneas se lanzaron en un apoyo que nunca se masific\u00f3. De hecho, no hubo palabra alguna de los tres socios con acci\u00f3n de oro dentro de la coalici\u00f3n gobernante. No habl\u00f3 Cristina Kirchner, no habl\u00f3 Sergio Massa, y no habl\u00f3 el presidente Alberto Fern\u00e1ndez.<\/p>\n<p>\u00bfEst\u00e1 cerrada entonces la f\u00f3rmula o hay espacio para una sorpresa? Ricardo Quintela, gobernador de La Rioja y uno de los mandatarios con m\u00e1s peso dentro del peronismo, sostuvo en declaraciones a Nacional Rock que \u201cfaltan 48 horas para definir las listas y sugiero que hasta \u00faltimo momento hay que tratar de lograr la s\u00edntesis\u201d.<\/p>\n<p>El riojano fue un poco m\u00e1s all\u00e1 y asegur\u00f3 que la candidatura \u201cMassa no est\u00e1 descartada para nada, es una de las personas m\u00e1s importantes del gobierno\u201d.<\/p>\n<p>El actual ministro de Econom\u00eda es uno de los hombres que desde el principio viene propugnando por una lista de unidad, que de cara a la sociedad muestre el compromiso del peronismo con una alternativa superadora.<\/p>\n<p>Esa visi\u00f3n es apoyada por la Liga de gobernadores peronistas que ayer ratificaron la &#8220;imperiosa necesidad&#8221; de que haya s\u00edntesis en la f\u00f3rmula presidencial de UxP para hacer frente al &#8220;agrupamiento de la derecha argentina&#8221; que &#8220;defiende la violencia&#8221;, a trav\u00e9s de un ajuste garantizado &#8220;con c\u00e1rcel o balas&#8221;.<\/p>\n","protected":false},"excerpt":{"rendered":"<p>La dupla no despert\u00f3 fervor dentro de Uni\u00f3n por la Patria. Hay quienes sostienen que no es la mejor opci\u00f3n. Los gobernadores peronistas no salieron a respaldar e insisten con una lista de unidad &nbsp; &nbsp; La supuesta f\u00f3rmula presidencial, dado que no fue confirmada, de Uni\u00f3n por la Patria, encabezada por Eduardo &#8220;Wado&#8221; de Pedro y secundado por Juan Manzur, no conform\u00f3 a gran parte del oficialismo, en especial a los gobernadores. Es por eso que a\u00fan no puede darse por cerrada la posibilidad de que el vice sea&#8230;<\/p>\n","protected":false},"author":3,"featured_media":103497,"comment_status":"closed","ping_status":"closed","sticky":false,"template":"","format":"standard","meta":[],"categories":[9],"tags":[],"_links":{"self":[{"href":"https:\/\/www.actualidadadiario.com\/index.php\/wp-json\/wp\/v2\/posts\/103624"}],"collection":[{"href":"https:\/\/www.actualidadadiario.com\/index.php\/wp-json\/wp\/v2\/posts"}],"about":[{"href":"https:\/\/www.actualidadadiario.com\/index.php\/wp-json\/wp\/v2\/types\/post"}],"author":[{"embeddable":true,"href":"https:\/\/www.actualidadadiario.com\/index.php\/wp-json\/wp\/v2\/users\/3"}],"replies":[{"embeddable":true,"href":"https:\/\/www.actualidadadiario.com\/index.php\/wp-json\/wp\/v2\/comments?post=103624"}],"version-history":[{"count":1,"href":"https:\/\/www.actualidadadiario.com\/index.php\/wp-json\/wp\/v2\/posts\/103624\/revisions"}],"predecessor-version":[{"id":103625,"href":"https:\/\/www.actualidadadiario.com\/index.php\/wp-json\/wp\/v2\/posts\/103624\/revisions\/103625"}],"wp:featuredmedia":[{"embeddable":true,"href":"https:\/\/www.actualidadadiario.com\/index.php\/wp-json\/wp\/v2\/media\/103497"}],"wp:attachment":[{"href":"https:\/\/www.actualidadadiario.com\/index.php\/wp-json\/wp\/v2\/media?parent=103624"}],"wp:term":[{"taxonomy":"category","embeddable":true,"href":"https:\/\/www.actualidadadiario.com\/index.php\/wp-json\/wp\/v2\/categories?post=103624"},{"taxonomy":"post_tag","embeddable":true,"href":"https:\/\/www.actualidadadiario.com\/index.php\/wp-json\/wp\/v2\/tags?post=103624"}],"curies":[{"name":"wp","href":"https:\/\/api.w.org\/{rel}","templated":true}]}}